{"id":69110,"date":"2024-02-09T23:56:08","date_gmt":"2024-02-09T22:56:08","guid":{"rendered":"https:\/\/es.ambagn.staging.e-kaidi.net\/?p=69110"},"modified":"2024-02-09T23:56:08","modified_gmt":"2024-02-09T22:56:08","slug":"general-amara-camara-ayez-dans-vos-prieres-une-pensee-pour-le-repos-de-lame-du-general-diarra-mon-pere","status":"publish","type":"post","link":"https:\/\/es.ambagn.staging.e-kaidi.net\/?p=69110","title":{"rendered":"G\u00e9n\u00e9ral Amara Camara : \u201cayez dans vos pri\u00e8res une pens\u00e9e pour le repos de l\u2019\u00e2me du g\u00e9n\u00e9ral Diarra, mon p\u00e8re\u201d"},"content":{"rendered":"<div>\n<div style=\"margin-bottom:20px;\"><img width=\"1536\" height=\"1431\"src=\"https:\/\/i0.wp.com\/mediaguinee.com\/wp-content\/uploads\/2024\/02\/IMG_4249.jpeg?w=1536&amp;ssl=1\" class=\"attachment-post-thumbnail size-post-thumbnail wp-post-image\" alt=\"\" decoding=\"async\" srcset=\"https:\/\/i0.wp.com\/mediaguinee.com\/wp-content\/uploads\/2024\/02\/IMG_4249.jpeg?w=1536&amp;ssl=1 1536w, https:\/\/i0.wp.com\/mediaguinee.com\/wp-content\/uploads\/2024\/02\/IMG_4249.jpeg?resize=300%2C279&amp;ssl=1 300w, https:\/\/i0.wp.com\/mediaguinee.com\/wp-content\/uploads\/2024\/02\/IMG_4249.jpeg?resize=1024%2C954&amp;ssl=1 1024w, https:\/\/i0.wp.com\/mediaguinee.com\/wp-content\/uploads\/2024\/02\/IMG_4249.jpeg?resize=768%2C716&amp;ssl=1 768w\" sizes=\"(max-width: 1536px) 100vw, 1536px\" data-attachment-id=\"251097\" data-permalink=\"https:\/\/mediaguinee.com\/general-amara-camara-ayez-dans-vos-prieres-une-pensee-pour-le-repos-de-lame-du-general-diarra-mon-pere\/img_4249-2\/\" data-orig-file=\"https:\/\/i0.wp.com\/mediaguinee.com\/wp-content\/uploads\/2024\/02\/IMG_4249.jpeg?fit=1536%2C1431&amp;ssl=1\" data-orig-size=\"1536,1431\" data-comments-opened=\"1\" data-image-meta='{\"aperture\":\"0\",\"credit\":\"\",\"camera\":\"\",\"caption\":\"\",\"created_timestamp\":\"0\",\"copyright\":\"\",\"focal_length\":\"0\",\"iso\":\"0\",\"shutter_speed\":\"0\",\"title\":\"\",\"orientation\":\"1\"}' data-image-title=\"IMG_4249\" data-image-description=\"\" data-image-caption=\"\" data-medium-file=\"https:\/\/i0.wp.com\/mediaguinee.com\/wp-content\/uploads\/2024\/02\/IMG_4249.jpeg?fit=300%2C279&amp;ssl=1\" data-large-file=\"https:\/\/i0.wp.com\/mediaguinee.com\/wp-content\/uploads\/2024\/02\/IMG_4249.jpeg?fit=1024%2C954&amp;ssl=1\"><\/div>\n<p>Le g\u00e9n\u00e9ral Amara Camara, ministre secr\u00e9taire g\u00e9n\u00e9ral de la Pr\u00e9sidence de la R\u00e9publique a invit\u00e9 \u00e0 prier pour son p\u00e8re g\u00e9n\u00e9ral Diarra Camara, d\u00e9c\u00e9d\u00e9 ce vendredi, 9 f\u00e9vrier en Tunisie des suites de maladie.<\/p>\n<p>\u00ab Tout ce que Allah (que Son nom soit exalt\u00e9) Ma\u00eetre du destin, fait est bon.<br \/>\nJe vous prie d\u2019avoir dans vos pri\u00e8res une pens\u00e9e pour le repos de l\u2019\u00e2me du G\u00e9n\u00e9ral Diarra Camara, mon v\u00e9n\u00e9rable p\u00e8re, d\u00e9c\u00e9d\u00e9 ce vendredi 9 f\u00e9vrier 2024 \u00e0 Tunis des suites de maladie.<br \/>\nMes remerciements \u00e0 Son Excellence Monsieur le Pr\u00e9sident de la R\u00e9publique, au Premier Ministre et \u00e0 tout le Gouvernement.<br \/>\nMerci aussi \u00e0 tous ceux qui, par leurs appels, leurs mots de compassions ont d\u00e9j\u00e0 compati \u00e0 notre triste douleur.<\/p>\n<p>Que l\u2019\u00e2me de notre p\u00e8re repose en paix dans la gr\u00e2ce du Tout Puissant Allah. Amen ! \u00bb, a \u00e9crit le proche collaborateur du pr\u00e9sident de la transition sur sa page Facebook.<\/p>\n<p>Le g\u00e9n\u00e9ral Diarra Camara, dernier chef d\u2019\u00e9tat-major g\u00e9n\u00e9ral des arm\u00e9es du g\u00e9n\u00e9ral Lansana Cont\u00e9 \u00e9tait derni\u00e8rement membre du conseil national de l\u2019ordre du M\u00e9rite.<\/p>\n<p><strong>MediaGuinee<\/strong><\/p>\n<p>L\u2019article <a href=\"https:\/\/mediaguinee.com\/general-amara-camara-ayez-dans-vos-prieres-une-pensee-pour-le-repos-de-lame-du-general-diarra-mon-pere\/\">G\u00e9n\u00e9ral Amara Camara : \u201cayez dans vos pri\u00e8res une pens\u00e9e pour le repos de l\u2019\u00e2me du g\u00e9n\u00e9ral Diarra, mon p\u00e8re\u201d<\/a> est apparu en premier sur <a href=\"https:\/\/mediaguinee.com\/\">Mediaguinee.com<\/a>.<\/p>\n<\/div>\n","protected":false},"excerpt":{"rendered":"<p>Le g\u00e9n\u00e9ral Amara Camara, ministre secr\u00e9taire g\u00e9n\u00e9ral de la Pr\u00e9sidence de la R\u00e9publique a invit\u00e9 \u00e0 prier pour son p\u00e8re g\u00e9n\u00e9ral Diarra Camara, d\u00e9c\u00e9d\u00e9 ce vendredi, 9 f\u00e9vrier en Tunisie des suites de maladie. \u00ab Tout ce que Allah (que Son nom soit exalt\u00e9) Ma\u00eetre du destin, fait est bon. Je vous prie d\u2019avoir dans &hellip;<\/p>\n","protected":false},"author":1,"featured_media":0,"comment_status":"closed","ping_status":"closed","sticky":false,"template":"","format":"standard","meta":{"footnotes":""},"categories":[2],"tags":[23],"class_list":["post-69110","post","type-post","status-publish","format-standard","hentry","category-news","tag-mediaguinee"],"_links":{"self":[{"href":"https:\/\/es.ambagn.staging.e-kaidi.net\/index.php?rest_route=\/wp\/v2\/posts\/69110","targetHints":{"allow":["GET"]}}],"collection":[{"href":"https:\/\/es.ambagn.staging.e-kaidi.net\/index.php?rest_route=\/wp\/v2\/posts"}],"about":[{"href":"https:\/\/es.ambagn.staging.e-kaidi.net\/index.php?rest_route=\/wp\/v2\/types\/post"}],"author":[{"embeddable":true,"href":"https:\/\/es.ambagn.staging.e-kaidi.net\/index.php?rest_route=\/wp\/v2\/users\/1"}],"replies":[{"embeddable":true,"href":"https:\/\/es.ambagn.staging.e-kaidi.net\/index.php?rest_route=%2Fwp%2Fv2%2Fcomments&post=69110"}],"version-history":[{"count":0,"href":"https:\/\/es.ambagn.staging.e-kaidi.net\/index.php?rest_route=\/wp\/v2\/posts\/69110\/revisions"}],"wp:attachment":[{"href":"https:\/\/es.ambagn.staging.e-kaidi.net\/index.php?rest_route=%2Fwp%2Fv2%2Fmedia&parent=69110"}],"wp:term":[{"taxonomy":"category","embeddable":true,"href":"https:\/\/es.ambagn.staging.e-kaidi.net\/index.php?rest_route=%2Fwp%2Fv2%2Fcategories&post=69110"},{"taxonomy":"post_tag","embeddable":true,"href":"https:\/\/es.ambagn.staging.e-kaidi.net\/index.php?rest_route=%2Fwp%2Fv2%2Ftags&post=69110"}],"curies":[{"name":"wp","href":"https:\/\/api.w.org\/{rel}","templated":true}]}}