{"id":68761,"date":"2024-02-02T23:01:50","date_gmt":"2024-02-02T22:01:50","guid":{"rendered":"https:\/\/es.ambagn.staging.e-kaidi.net\/?p=68761"},"modified":"2024-02-02T23:01:50","modified_gmt":"2024-02-02T22:01:50","slug":"marche-le-gouvernement-garantit-lapprovisionnement-et-la-maitrise-des-prix-en-soutenant-la-production-agricole-locale","status":"publish","type":"post","link":"https:\/\/es.ambagn.staging.e-kaidi.net\/?p=68761","title":{"rendered":"March\u00e9: le gouvernement garantit l\u2019approvisionnement et la ma\u00eetrise des prix en soutenant la production agricole locale"},"content":{"rendered":"<div>\n<div style=\"margin-bottom:20px;\"><img width=\"1130\" height=\"974\"src=\"https:\/\/i0.wp.com\/mediaguinee.com\/wp-content\/uploads\/2024\/02\/IMG_3947-1.jpeg?w=1130&amp;ssl=1\" class=\"attachment-post-thumbnail size-post-thumbnail wp-post-image\" alt=\"\" decoding=\"async\" srcset=\"https:\/\/i0.wp.com\/mediaguinee.com\/wp-content\/uploads\/2024\/02\/IMG_3947-1.jpeg?w=1130&amp;ssl=1 1130w, https:\/\/i0.wp.com\/mediaguinee.com\/wp-content\/uploads\/2024\/02\/IMG_3947-1.jpeg?resize=300%2C259&amp;ssl=1 300w, https:\/\/i0.wp.com\/mediaguinee.com\/wp-content\/uploads\/2024\/02\/IMG_3947-1.jpeg?resize=1024%2C883&amp;ssl=1 1024w, https:\/\/i0.wp.com\/mediaguinee.com\/wp-content\/uploads\/2024\/02\/IMG_3947-1.jpeg?resize=768%2C662&amp;ssl=1 768w\" sizes=\"(max-width: 1130px) 100vw, 1130px\" data-attachment-id=\"250574\" data-permalink=\"https:\/\/mediaguinee.com\/marche-le-gouvernement-garantit-lapprovisionnement-et-la-maitrise-des-prix-en-soutenant-la-production-agricole-locale\/img_3947-2\/\" data-orig-file=\"https:\/\/i0.wp.com\/mediaguinee.com\/wp-content\/uploads\/2024\/02\/IMG_3947-1.jpeg?fit=1130%2C974&amp;ssl=1\" data-orig-size=\"1130,974\" data-comments-opened=\"1\" data-image-meta='{\"aperture\":\"0\",\"credit\":\"\",\"camera\":\"\",\"caption\":\"\",\"created_timestamp\":\"0\",\"copyright\":\"\",\"focal_length\":\"0\",\"iso\":\"0\",\"shutter_speed\":\"0\",\"title\":\"\",\"orientation\":\"1\"}' data-image-title=\"IMG_3947\" data-image-description=\"\" data-image-caption=\"\" data-medium-file=\"https:\/\/i0.wp.com\/mediaguinee.com\/wp-content\/uploads\/2024\/02\/IMG_3947-1.jpeg?fit=300%2C259&amp;ssl=1\" data-large-file=\"https:\/\/i0.wp.com\/mediaguinee.com\/wp-content\/uploads\/2024\/02\/IMG_3947-1.jpeg?fit=1024%2C883&amp;ssl=1\"><\/div>\n<p><span class=\"s3\"><span class=\"bumpedFont15\">Face <\/span><\/span><span class=\"s3\"><span class=\"bumpedFont15\">\u00e0 l<\/span><\/span><span class=\"s3\"><span class=\"bumpedFont15\">a flamb<\/span><\/span><span class=\"s3\"><span class=\"bumpedFont15\">\u00e9e des prix sur le march\u00e9 international perturb\u00e9 par <\/span><\/span><span class=\"s3\"><span class=\"bumpedFont15\">de <\/span><\/span><span class=\"s3\"><span class=\"bumpedFont15\">multiples<\/span><\/span> <span class=\"s3\"><span class=\"bumpedFont15\">crises<\/span><\/span><span class=\"s3\"><span class=\"bumpedFont15\">, le Gouvernement guin\u00e9en a pris <\/span><\/span><span class=\"s3\"><span class=\"bumpedFont15\">des mesures fortes pour <\/span><\/span><span class=\"s3\"><span class=\"bumpedFont15\">assurer<\/span><\/span> <span class=\"s3\"><span class=\"bumpedFont15\">la disponibilit\u00e9 des <\/span><\/span><span class=\"s3\"><span class=\"bumpedFont15\">produits de consommation<\/span><\/span><span class=\"s3\"><span class=\"bumpedFont15\"> de qualit\u00e9<\/span><\/span> <span class=\"s3\"><span class=\"bumpedFont15\">et <\/span><\/span><span class=\"s3\"><span class=\"bumpedFont15\">des<\/span><\/span><span class=\"s3\"><span class=\"bumpedFont15\"> co\u00fbt<\/span><\/span><span class=\"s3\"><span class=\"bumpedFont15\">s<\/span><\/span><span class=\"s3\"><span class=\"bumpedFont15\"> abordable<\/span><\/span><span class=\"s3\"><span class=\"bumpedFont15\">s<\/span><\/span><span class=\"s3\"><span class=\"bumpedFont15\">.<\/span><\/span><\/p>\n<p class=\"s5\"><span class=\"s6\"><span class=\"bumpedFont15\">A<\/span><\/span><span class=\"s6\"><span class=\"bumpedFont15\"> ce<\/span><\/span><span class=\"s6\"><span class=\"bumpedFont15\">t effet<\/span><\/span><span class=\"s6\"><span class=\"bumpedFont15\">,<\/span><\/span> <span class=\"s6\"><span class=\"bumpedFont15\">les Minist\u00e8res en charge du commerce et du Budget <\/span><\/span><span class=\"s6\"><span class=\"bumpedFont15\">ont sign\u00e9 avec <\/span><\/span><span class=\"s6\"><span class=\"bumpedFont15\">la Chambre de Commerce, d\u2019Industrie et d\u2019Artisanat de Guin\u00e9e (CCIAG)<\/span><\/span> <span class=\"s6\"><span class=\"bumpedFont15\">des protocoles d\u2019accord<\/span><\/span> <span class=\"s6\"><span class=\"bumpedFont15\">afin de <\/span><\/span><span class=\"s6\"><span class=\"bumpedFont15\">garantir l\u2019approvisionnement du march\u00e9, la transparence dans les transactions commerciales et la stabilit\u00e9 des prix des denr\u00e9es de premi\u00e8re n\u00e9cessit\u00e9<\/span><\/span><span class=\"s6\"><span class=\"bumpedFont15\"> pour les populations<\/span><\/span><span class=\"s6\"><span class=\"bumpedFont15\">.<\/span><\/span> <span class=\"s6\"><span class=\"bumpedFont15\">D<\/span><\/span><span class=\"s6\"><span class=\"bumpedFont15\">e 2022 \u00e0 2024, <\/span><\/span><span class=\"s6\"><span class=\"bumpedFont15\">trois<\/span><\/span><span class=\"s6\"><span class=\"bumpedFont15\"> (<\/span><\/span><span class=\"s6\"><span class=\"bumpedFont15\">3<\/span><\/span><span class=\"s6\"><span class=\"bumpedFont15\">) protocoles d\u2019accord <\/span><\/span><span class=\"s6\"><span class=\"bumpedFont15\">ont <\/span><\/span><span class=\"s6\"><span class=\"bumpedFont15\">\u00e9t\u00e9 <\/span><\/span><span class=\"s6\"><span class=\"bumpedFont15\">sign\u00e9s entre le Gouvernement <\/span><\/span><span class=\"s6\"><span class=\"bumpedFont15\">et <\/span><\/span><span class=\"s6\"><span class=\"bumpedFont15\">la CCIAG<\/span><\/span><span class=\"s6\"><span class=\"bumpedFont15\">.<\/span><\/span> <span class=\"s6\"><span class=\"bumpedFont15\">L<\/span><\/span><span class=\"s6\"><span class=\"bumpedFont15\">e premier <\/span><\/span><span class=\"s6\"><span class=\"bumpedFont15\">protocole sign\u00e9 <\/span><\/span><span class=\"s6\"><span class=\"bumpedFont15\">le<\/span><\/span><span class=\"s6\"><span class=\"bumpedFont15\"> 25 mars 2022 <\/span><\/span><span class=\"s6\"><span class=\"bumpedFont15\">a \u00e9t\u00e9<\/span><\/span><span class=\"s6\"><span class=\"bumpedFont15\"> renouvel\u00e9 le 26 septembre 2022<\/span><\/span><span class=\"s6\"><span class=\"bumpedFont15\">. <\/span><\/span><span class=\"s6\"><span class=\"bumpedFont15\">Ensuite, l<\/span><\/span><span class=\"s6\"><span class=\"bumpedFont15\">e deuxi\u00e8me <\/span><\/span><span class=\"s6\"><span class=\"bumpedFont15\">protocole <\/span><\/span><span class=\"s6\"><span class=\"bumpedFont15\">a \u00e9t\u00e9 <\/span><\/span><span class=\"s6\"><span class=\"bumpedFont15\">sign\u00e9 le 20 janvier 2023<\/span><\/span><span class=\"s6\"><span class=\"bumpedFont15\">. Il <\/span><\/span><span class=\"s6\"><span class=\"bumpedFont15\">a \u00e9t\u00e9 r<\/span><\/span><span class=\"s6\"><span class=\"bumpedFont15\">econduit jusqu\u2019au 29 janvier 2024.<\/span><\/span><\/p>\n<p class=\"s5\"><span class=\"s6\"><span class=\"bumpedFont15\">C<\/span><\/span><span class=\"s6\"><span class=\"bumpedFont15\">es protocoles <\/span><\/span><span class=\"s6\"><span class=\"bumpedFont15\">ont <\/span><\/span><span class=\"s6\"><span class=\"bumpedFont15\">port\u00e9 sur le riz, le sucre (subventionn\u00e9s par l\u2019<\/span><\/span><span class=\"s6\"><span class=\"bumpedFont15\">\u00c9tat<\/span><\/span><span class=\"s6\"><span class=\"bumpedFont15\">), la <\/span><\/span><span class=\"s6\"><span class=\"bumpedFont15\">farine<\/span><\/span><span class=\"s6\"><span class=\"bumpedFont15\"> de bl\u00e9, l\u2019huile, l\u2019oignon et les produits carn\u00e9s (poulet sous toutes ses formes)<\/span><\/span><span class=\"s7\"><span class=\"bumpedFont15\">.<\/span><\/span><\/p>\n<p class=\"s5\"><span class=\"s6\"><span class=\"bumpedFont15\">La mise en \u0153uvre de ces diff\u00e9rents protocole<\/span><\/span><span class=\"s6\"><span class=\"bumpedFont15\">s<\/span><\/span> <span class=\"s6\"><span class=\"bumpedFont15\">est assur\u00e9e par les acteurs signataires sous l\u2019observation<\/span><\/span> <span class=\"s6\"><span class=\"bumpedFont15\">des associations de d\u00e9fense des droits des consommateurs<\/span><\/span><span class=\"s6\"><span class=\"bumpedFont15\"> et du <\/span><\/span><span class=\"s6\"><span class=\"bumpedFont15\">Corps des <\/span><\/span><span class=\"s6\"><span class=\"bumpedFont15\">a<\/span><\/span><span class=\"s6\"><span class=\"bumpedFont15\">gents <\/span><\/span><span class=\"s6\"><span class=\"bumpedFont15\">a<\/span><\/span><span class=\"s6\"><span class=\"bumpedFont15\">sserment\u00e9s<\/span><\/span><span class=\"s6\"><span class=\"bumpedFont15\">.<\/span><\/span><\/p>\n<p class=\"s5\"><span class=\"s6\"><span class=\"bumpedFont15\">Un num\u00e9ro vert (142) gratuit et anonyme est mis <\/span><\/span><span class=\"s6\"><span class=\"bumpedFont15\">\u00e0 <\/span><\/span><span class=\"s6\"><span class=\"bumpedFont15\">la <\/span><\/span><span class=\"s6\"><span class=\"bumpedFont15\">disposition <\/span><\/span><span class=\"s6\"><span class=\"bumpedFont15\">des populations <\/span><\/span><span class=\"s6\"><span class=\"bumpedFont15\">pour d\u00e9noncer les mauvaises pratiques.<\/span><\/span><\/p>\n<p class=\"s5\"><strong><span class=\"s7\"><span class=\"bumpedFont15\">Un contexte international difficil<\/span><\/span><span class=\"s7\"><span class=\"bumpedFont15\">e<\/span><\/span><\/strong><\/p>\n<p class=\"s5\"><span class=\"s6\"><span class=\"bumpedFont15\">L<\/span><\/span><span class=\"s6\"><span class=\"bumpedFont15\">es effets conjugu\u00e9s du COVID-19, de la guerre en Ukraine<\/span><\/span><span class=\"s6\"><span class=\"bumpedFont15\"> et <\/span><\/span><span class=\"s6\"><span class=\"bumpedFont15\">l<\/span><\/span><span class=\"s6\"><span class=\"bumpedFont15\">es crises s\u00e9curitaire<\/span><\/span><span class=\"s6\"><span class=\"bumpedFont15\">s<\/span><\/span><span class=\"s6\"><span class=\"bumpedFont15\"> et climatiques<\/span><\/span> <span class=\"s6\"><span class=\"bumpedFont15\">ont <\/span><\/span><span class=\"s6\"><span class=\"bumpedFont15\">entrain\u00e9 une hausse g\u00e9n\u00e9ralis\u00e9e des prix<\/span><\/span> <span class=\"s6\"><span class=\"bumpedFont15\">sur le plan mondial. Le secteur alimentaire et les transports sont particuli\u00e8rement affect\u00e9s. \u00a0Le prix de la <\/span><\/span><span class=\"s6\"><span class=\"bumpedFont15\">tonne<\/span><\/span><span class=\"s6\"><span class=\"bumpedFont15\"> m\u00e9trique<\/span><\/span> <span class=\"s6\"><span class=\"bumpedFont15\">du sucre<\/span><\/span><span class=\"s6\"><span class=\"bumpedFont15\">, par <\/span><\/span><span class=\"s6\"><span class=\"bumpedFont15\">exemple,<\/span><\/span> <span class=\"s6\"><span class=\"bumpedFont15\">passe<\/span><\/span> <span class=\"s6\"><span class=\"bumpedFont15\">de 710 \u00e0 730 dollars en moyenne<\/span><\/span><span class=\"s6\"><span class=\"bumpedFont15\">. Aussi,<\/span><\/span><span class=\"s6\"><span class=\"bumpedFont15\"> le <\/span><\/span><span class=\"s6\"><span class=\"bumpedFont15\">f<\/span><\/span><span class=\"s6\"><span class=\"bumpedFont15\">ret maritime d\u2019un conteneur de 40 pieds passe de 1382 \u00e0 3072 <\/span><\/span><span class=\"s6\"><span class=\"bumpedFont15\">dollars <\/span><\/span><span class=\"s6\"><span class=\"bumpedFont15\">soit une proportion de 150<\/span><\/span><span class=\"s6\"><span class=\"bumpedFont15\">%<\/span><\/span><span class=\"s6\"><span class=\"bumpedFont15\">.<\/span><\/span> <span class=\"s6\"><span class=\"bumpedFont15\">La chaine d\u2019approvisionnement du riz a \u00e9t\u00e9 perturb\u00e9e par l<\/span><\/span><span class=\"s6\"><span class=\"bumpedFont15\">\u2019introduction<\/span><\/span><span class=\"s6\"><span class=\"bumpedFont15\"> d\u2019une taxe de 20% \u00e0 l\u2019exportation en provenance de l\u2019Inde<\/span><\/span><span class=\"s6\"><span class=\"bumpedFont15\"> (40% du march\u00e9 mondial).<\/span><\/span> <span class=\"s6\"><span class=\"bumpedFont15\">L<\/span><\/span><span class=\"s6\"><span class=\"bumpedFont15\">a <\/span><\/span><span class=\"s6\"><span class=\"bumpedFont15\">vente de <\/span><\/span><span class=\"s6\"><span class=\"bumpedFont15\">tonne m\u00e9trique du riz <\/span><\/span><span class=\"s6\"><span class=\"bumpedFont15\">est ainsi pass\u00e9e <\/span><\/span><span class=\"s6\"><span class=\"bumpedFont15\">de 510 \u00e0 610 dollars en moyenne.<\/span><\/span><\/p>\n<p class=\"s5\"><span class=\"s6\"><span class=\"bumpedFont15\">Ces <\/span><\/span><span class=\"s6\"><span class=\"bumpedFont15\">fluctuations n\u2019ont pas facilit\u00e9 <\/span><\/span><span class=\"s6\"><span class=\"bumpedFont15\">les n\u00e9gociations <\/span><\/span><span class=\"s6\"><span class=\"bumpedFont15\">d\u2019un nouveau <\/span><\/span><span class=\"s6\"><span class=\"bumpedFont15\">protocole d\u2019accord entre le Gouvernement et le secteur priv\u00e9 guin\u00e9en. <\/span><\/span><span class=\"s6\"><span class=\"bumpedFont15\">Malgr\u00e9 ces contraintes, les pourparlers e<\/span><\/span><span class=\"s6\"><span class=\"bumpedFont15\">ntam\u00e9s en d\u00e9cembre 2023<\/span><\/span> <span class=\"s6\"><span class=\"bumpedFont15\">ont<\/span><\/span><span class=\"s6\"><span class=\"bumpedFont15\"> abouti<\/span><\/span> <span class=\"s6\"><span class=\"bumpedFont15\">le <\/span><\/span><span class=\"s6\"><span class=\"bumpedFont15\">30 janvier 2024 <\/span><\/span><span class=\"s6\"><span class=\"bumpedFont15\">\u00e0 la signature d<\/span><\/span><span class=\"s6\"><span class=\"bumpedFont15\">\u2019un <\/span><\/span><span class=\"s6\"><span class=\"bumpedFont15\">troisi\u00e8me accord <\/span><\/span><span class=\"s6\"><span class=\"bumpedFont15\">qui<\/span><\/span><span class=\"s6\"><span class=\"bumpedFont15\"> garanti<\/span><\/span><span class=\"s6\"><span class=\"bumpedFont15\">t<\/span><\/span> <span class=\"s6\"><span class=\"bumpedFont15\">l<\/span><\/span><span class=\"s6\"><span class=\"bumpedFont15\">\u2019approvisionnement en denr\u00e9es et stabili<\/span><\/span><span class=\"s6\"><span class=\"bumpedFont15\">se<\/span><\/span> <span class=\"s6\"><span class=\"bumpedFont15\">l<\/span><\/span><span class=\"s6\"><span class=\"bumpedFont15\">es prix<\/span><\/span><span class=\"s6\"><span class=\"bumpedFont15\"> sur le march\u00e9<\/span><\/span><span class=\"s6\"><span class=\"bumpedFont15\">.<\/span><\/span><\/p>\n<p class=\"s5\"><strong><span class=\"s7\"><span class=\"bumpedFont15\">Des all\u00e9gements fiscaux pour maintenir<\/span><\/span><span class=\"s7\"><span class=\"bumpedFont15\"> la stabilit\u00e9<\/span><\/span><\/strong><\/p>\n<p class=\"s5\"><span class=\"s6\"><span class=\"bumpedFont15\">L<\/span><\/span><span class=\"s6\"><span class=\"bumpedFont15\">es protocoles<\/span><\/span> <span class=\"s6\"><span class=\"bumpedFont15\">d\u2019accord <\/span><\/span><span class=\"s6\"><span class=\"bumpedFont15\">de 2022<\/span><\/span><span class=\"s6\"><span class=\"bumpedFont15\"> et de <\/span><\/span><span class=\"s6\"><span class=\"bumpedFont15\">2023<\/span><\/span><span class=\"s6\"><span class=\"bumpedFont15\"> ont b\u00e9n\u00e9fici\u00e9 d\u2019un accompagnement de l\u2019Etat \u00e0 travers le rabattement de la taxe<\/span><\/span><span class=\"s6\"><span class=\"bumpedFont15\">\u00a0:<\/span><\/span><span class=\"s6\"><span class=\"bumpedFont15\">100 dollars la tonne m\u00e9trique <\/span><\/span><span class=\"s6\"><span class=\"bumpedFont15\">pour le<\/span><\/span><span class=\"s6\"><span class=\"bumpedFont15\"> riz et 200 dollars la tonne m\u00e9trique <\/span><\/span><span class=\"s6\"><span class=\"bumpedFont15\">pour le<\/span><\/span><span class=\"s6\"><span class=\"bumpedFont15\"> sucre.<\/span><\/span><\/p>\n<p class=\"s5\"><span class=\"s6\"><span class=\"bumpedFont15\">En 2023, c<\/span><\/span><span class=\"s6\"><span class=\"bumpedFont15\">es <\/span><\/span><span class=\"s6\"><span class=\"bumpedFont15\">exon\u00e9rations<\/span><\/span> <span class=\"s6\"><span class=\"bumpedFont15\">fisca<\/span><\/span><span class=\"s6\"><span class=\"bumpedFont15\">les<\/span><\/span><span class=\"s6\"><span class=\"bumpedFont15\"> et douani<\/span><\/span><span class=\"s6\"><span class=\"bumpedFont15\">\u00e8res<\/span><\/span><span class=\"s6\"><span class=\"bumpedFont15\"> accord\u00e9<\/span><\/span><span class=\"s6\"><span class=\"bumpedFont15\">e<\/span><\/span><span class=\"s6\"><span class=\"bumpedFont15\">s <\/span><\/span><span class=\"s6\"><span class=\"bumpedFont15\">pour <\/span><\/span><span class=\"s6\"><span class=\"bumpedFont15\">all\u00e9ger<\/span><\/span> <span class=\"s6\"><span class=\"bumpedFont15\">le panier de la m\u00e9nag\u00e8re <\/span><\/span><span class=\"s6\"><span class=\"bumpedFont15\">ont <\/span><\/span><span class=\"s6\"><span class=\"bumpedFont15\">engendr\u00e9 <\/span><\/span><span class=\"s6\"><span class=\"bumpedFont15\">chez l\u2019\u00c9tat <\/span><\/span><span class=\"s6\"><span class=\"bumpedFont15\">un manque \u00e0 gagne<\/span><\/span><span class=\"s6\"><span class=\"bumpedFont15\">r <\/span><\/span><span class=\"s6\"><span class=\"bumpedFont15\">de 327 621 955 360 francs guin\u00e9ens<\/span><\/span><span class=\"s6\"><span class=\"bumpedFont15\">,<\/span><\/span> <span class=\"s6\"><span class=\"bumpedFont15\">soit <\/span><\/span><span class=\"s6\"><span class=\"bumpedFont15\">228 327 104 631<\/span><\/span><span class=\"s6\"><span class=\"bumpedFont15\"> pour le riz<\/span><\/span><span class=\"s6\"><span class=\"bumpedFont15\"> et de 99 294 850 729 francs guin\u00e9ens<\/span><\/span><span class=\"s6\"><span class=\"bumpedFont15\">pour le sucre<\/span><\/span><span class=\"s6\"><span class=\"bumpedFont15\">.<\/span><\/span><\/p>\n<p class=\"s5\"><span class=\"s6\"><span class=\"bumpedFont15\">Ainsi<\/span><\/span><span class=\"s6\"><span class=\"bumpedFont15\">, ces subventions ont permis \u00e0 l\u2019<\/span><\/span><span class=\"s6\"><span class=\"bumpedFont15\">\u00c9tat<\/span><\/span><span class=\"s6\"><span class=\"bumpedFont15\"> de garder les prix \u00e0 la consommation \u00e0 un niveau soutenable p<\/span><\/span><span class=\"s6\"><span class=\"bumpedFont15\">our<\/span><\/span><span class=\"s6\"><span class=\"bumpedFont15\"> les populations<\/span><\/span><span class=\"s6\"><span class=\"bumpedFont15\">. <\/span><\/span><span class=\"s6\"><span class=\"bumpedFont15\">Sans cette mesure<\/span><\/span><span class=\"s6\"><span class=\"bumpedFont15\">, le<\/span><\/span><span class=\"s6\"><span class=\"bumpedFont15\">s<\/span><\/span><span class=\"s6\"><span class=\"bumpedFont15\"> sac<\/span><\/span><span class=\"s6\"><span class=\"bumpedFont15\">s<\/span><\/span><span class=\"s6\"><span class=\"bumpedFont15\"> de 50 kg du riz et du sucre seraient vendus \u00e0 <\/span><\/span><span class=\"s6\"><span class=\"bumpedFont15\">des <\/span><\/span><span class=\"s6\"><span class=\"bumpedFont15\">prix <\/span><\/span><span class=\"s6\"><span class=\"bumpedFont15\">plus \u00e9lev\u00e9s<\/span><\/span><span class=\"s6\"><span class=\"bumpedFont15\"> pour <\/span><\/span><span class=\"s6\"><span class=\"bumpedFont15\">les consommateurs<\/span><\/span><span class=\"s6\"><span class=\"bumpedFont15\">.<\/span><\/span><\/p>\n<p class=\"s5\"><span class=\"s6\"><span class=\"bumpedFont15\">En d\u00e9cidant de maintenir les m\u00eames subventions au titre de 2024, l\u2019\u00c9tat se sent oblig\u00e9 de r\u00e9ajuster <\/span><\/span><span class=\"s6\"><span class=\"bumpedFont15\">des prix \u00e0 la consommation <\/span><\/span><span class=\"s6\"><span class=\"bumpedFont15\">pour l<\/span><\/span><span class=\"s6\"><span class=\"bumpedFont15\">es denr\u00e9es <\/span><\/span><span class=\"s6\"><span class=\"bumpedFont15\">concern\u00e9es par <\/span><\/span><span class=\"s6\"><span class=\"bumpedFont15\">le protocole sign\u00e9 le 30 janvier 2024<\/span><\/span><span class=\"s6\"><span class=\"bumpedFont15\">, d\u2019autant plus que les prix CIF sont sup\u00e9rieurs \u00e0 ceux de l\u2019ann\u00e9e 2023.<\/span><\/span><\/p>\n<p class=\"s5\">Force est de constater que l\u2019\u00c9tat a us\u00e9 de tous les moyens \u00e0 sa disposition pour att\u00e9nuer l\u2019impact de la hausse mondiale des prix sur le panier des m\u00e9nages.<\/p>\n<p class=\"s5\"><span class=\"s6\"><span class=\"bumpedFont15\">Ces<\/span><\/span><span class=\"s6\"><span class=\"bumpedFont15\"> facteurs exog\u00e8nes<\/span><\/span><span class=\"s6\"><span class=\"bumpedFont15\"> ne peuvent \u00eatre att\u00e9nu\u00e9s durablement que par le renforcement de la production et de la consommation locales. <\/span><\/span><\/p>\n<p class=\"s5\"><span class=\"s6\"><span class=\"bumpedFont15\">Sans <\/span><\/span><span class=\"s6\"><span class=\"bumpedFont15\">les mesures gouvernementales, l<\/span><\/span><span class=\"s6\"><span class=\"bumpedFont15\">e sac de riz de 50kg <\/span><\/span><span class=\"s6\"><span class=\"bumpedFont15\">vendu aujourd\u2019hui <\/span><\/span><span class=\"s6\"><span class=\"bumpedFont15\">\u00e0 340 000 francs guin\u00e9ens<\/span><\/span> <span class=\"s6\"><span class=\"bumpedFont15\">dans la r\u00e9gion de Conakry <\/span><\/span><span class=\"s6\"><span class=\"bumpedFont15\">couterait <\/span><\/span><span class=\"s6\"><span class=\"bumpedFont15\">plus <\/span><\/span><span class=\"s6\"><span class=\"bumpedFont15\">de <\/span><\/span><span class=\"s6\"><span class=\"bumpedFont15\">360 000 francs guin\u00e9ens. <\/span><\/span><span class=\"s6\"><span class=\"bumpedFont15\">L<\/span><\/span><span class=\"s6\"><span class=\"bumpedFont15\">e sac de sucre de 50kg <\/span><\/span><span class=\"s6\"><span class=\"bumpedFont15\">vendu <\/span><\/span><span class=\"s6\"><span class=\"bumpedFont15\">\u00e0 440 000 francs guin\u00e9ens<\/span><\/span> <span class=\"s6\"><span class=\"bumpedFont15\">en ce moment aurait cout\u00e9 <\/span><\/span><span class=\"s6\"><span class=\"bumpedFont15\">plus <\/span><\/span><span class=\"s6\"><span class=\"bumpedFont15\">de <\/span><\/span><span class=\"s6\"><span class=\"bumpedFont15\">460 000 francs guin\u00e9ens dans la r\u00e9gion de Conakry<\/span><\/span><span class=\"s6\"><span class=\"bumpedFont15\">.<\/span><\/span><\/p>\n<p class=\"s5\"><span class=\"s6\"><span class=\"bumpedFont15\">L<\/span><\/span><span class=\"s6\"><span class=\"bumpedFont15\">e<\/span><\/span><span class=\"s6\"><span class=\"bumpedFont15\">s<\/span><\/span><span class=\"s6\"><span class=\"bumpedFont15\"> prix de la farine de bl\u00e9 et du kilogramme de la viande <\/span><\/span><span class=\"s6\"><span class=\"bumpedFont15\">de <\/span><\/span><span class=\"s6\"><span class=\"bumpedFont15\">b\u0153uf <\/span><\/span><span class=\"s6\"><span class=\"bumpedFont15\">restent inchang\u00e9s<\/span><\/span><span class=\"s6\"><span class=\"bumpedFont15\">. <\/span><\/span><span class=\"s6\"><span class=\"bumpedFont15\">Mieux, l<\/span><\/span><span class=\"s6\"><span class=\"bumpedFont15\">e prix de l\u2019huile de 20<\/span><\/span><span class=\"s6\"><span class=\"bumpedFont15\"> litres<\/span><\/span><span class=\"s6\"><span class=\"bumpedFont15\"> a baiss\u00e9 de 35 000 francs guin\u00e9ens.<\/span><\/span><\/p>\n<p class=\"s5\"><span class=\"s6\"><span class=\"bumpedFont15\">Co<\/span><\/span><span class=\"s6\"><span class=\"bumpedFont15\">mparativement<\/span><\/span><span class=\"s6\"><span class=\"bumpedFont15\"> aux pays voisins, <\/span><\/span><span class=\"s6\"><span class=\"bumpedFont15\">les prix \u00e0 la consommation en <\/span><\/span><span class=\"s6\"><span class=\"bumpedFont15\">Guin\u00e9e <\/span><\/span><span class=\"s6\"><span class=\"bumpedFont15\">sont<\/span><\/span><span class=\"s6\"><span class=\"bumpedFont15\"> encore relativement bas.<\/span><\/span> <span class=\"s6\"><span class=\"bumpedFont15\">En effet, l<\/span><\/span><span class=\"s6\"><span class=\"bumpedFont15\">a moyenne sous-r\u00e9gionale du prix d\u2019un sac de 50 kg du riz est de <\/span><\/span><span class=\"s6\"><span class=\"bumpedFont15\">468 000 FG, celui d\u2019un sac de 50 kg de la farine de bl\u00e9 est de 542 000 FG et le prix d\u2019un sac de 50 kg de sucre est de 621 000 FG.<\/span><\/span><\/p>\n<p class=\"s5\"><strong>La solution agricole<\/strong><\/p>\n<p class=\"s9\"><span class=\"s10\"><span class=\"bumpedFont15\">Pour <\/span><\/span><span class=\"s10\"><span class=\"bumpedFont15\">assurer sa s\u00e9curit\u00e9 alimentaire<\/span><\/span><span class=\"s10\"><span class=\"bumpedFont15\"> en Guin\u00e9e, l\u2019\u00c9tat investit intens\u00e9ment dans la production agricole nationale.<\/span><\/span><\/p>\n<p><span class=\"s10\"><span class=\"bumpedFont15\">En 2023, <\/span><\/span><span class=\"s10\"><span class=\"bumpedFont15\">le budget allou<\/span><\/span><span class=\"s10\"><span class=\"bumpedFont15\">\u00e9<\/span><\/span><span class=\"s10\"><span class=\"bumpedFont15\"> au secteur agricole a \u00e9t\u00e9 doubl\u00e9. 1900 milliards de francs guin\u00e9ens ont \u00e9t\u00e9 accord\u00e9s au minist\u00e8re de l\u2019Agriculture et de l\u2019\u00c9levage pour soutenir la production nationale. <\/span><\/span><span class=\"s10\"><span class=\"bumpedFont15\">Ainsi, la Guin\u00e9e est devenue le 2\u00e8me producteur de riz en Afrique de l\u2019Ouest <\/span><\/span><span class=\"s10\"><span class=\"bumpedFont15\">derri\u00e8re<\/span><\/span><span class=\"s10\"><span class=\"bumpedFont15\"> le Nig\u00e9ria<\/span><\/span><span class=\"s10\"><span class=\"bumpedFont15\">, assurant ainsi plus de 65% de sa consommation nationale en riz<\/span><\/span><span class=\"s10\"><span class=\"bumpedFont15\">, <\/span><\/span><span class=\"s10\"><span class=\"bumpedFont15\">contre moins de 50% pour la majorit\u00e9 des pays de la sous-r\u00e9gion<\/span><\/span><span class=\"s10\"><span class=\"bumpedFont15\">.<\/span><\/span><\/p>\n<p class=\"s11\"><span class=\"s10\"><span class=\"bumpedFont15\">En<\/span><\/span><span class=\"s10\"><span class=\"bumpedFont15\">tre<\/span><\/span> <span class=\"s10\"><span class=\"bumpedFont15\">2022 et <\/span><\/span><span class=\"s10\"><span class=\"bumpedFont15\">202<\/span><\/span><span class=\"s10\"><span class=\"bumpedFont15\">3<\/span><\/span><span class=\"s10\"><span class=\"bumpedFont15\">,<\/span><\/span><span class=\"s10\"><span class=\"bumpedFont15\"> les importations de riz ont baiss\u00e9 de 9% en volume et<\/span><\/span><span class=\"s10\"><span class=\"bumpedFont15\"> une augmentation de\u00a012% de la production de riz est attendue<\/span><\/span><span class=\"s10\"><span class=\"bumpedFont15\"> en 2024<\/span><\/span><span class=\"s10\"><span class=\"bumpedFont15\">. Cette augmentation va renforcer l\u2019approvisionnement des march\u00e9s et all\u00e9ger la facture des importations de la principale c\u00e9r\u00e9ale consomm\u00e9e dans le pays.<\/span><\/span><span class=\"s10\"><span class=\"bumpedFont15\">Par ailleurs, <\/span><\/span><span class=\"s10\"><span class=\"bumpedFont15\">la Guin\u00e9e est le premier producteur mondial de fonio. <\/span><\/span><\/p>\n<p class=\"s13\"><span class=\"s10\"><span class=\"bumpedFont15\">Sous le slogan <\/span><\/span><span class=\"s12\"><span class=\"bumpedFont15\">\u00ab\u00a0la refondation verte\u00a0\u00bb,<\/span><\/span><span class=\"s10\"><span class=\"bumpedFont15\"> le Gouvernement a pris des mesures pour inciter davantage la population, surtout les jeunes, \u00e0 s\u2019int\u00e9resser \u00e0 l\u2019agriculture en vue de r\u00e9duire la d\u00e9pendance <\/span><\/span><span class=\"s10\"><span class=\"bumpedFont15\">du pays <\/span><\/span><span class=\"s10\"><span class=\"bumpedFont15\">des grands producteurs mondiaux. La m\u00e9canisation des outils de production, la distribution de semences de riz et de <\/span><\/span><span class=\"s6\"><span class=\"bumpedFont15\">ma\u00efs (6550<\/span><\/span><span class=\"s6\"><span class=\"bumpedFont15\"> tonnes<\/span><\/span><span class=\"s6\"><span class=\"bumpedFont15\">)<\/span><\/span><span class=\"s6\"><span class=\"bumpedFont15\">,<\/span><\/span><span class=\"s10\"><span class=\"bumpedFont15\"> l\u2019octroi de cr\u00e9dits<\/span><\/span><span class=\"s10\"><span class=\"bumpedFont15\">(234 milliards GNF)<\/span><\/span><span class=\"s10\"><span class=\"bumpedFont15\">, la subvention d\u2019engrais (<\/span><\/span><span class=\"s6\"><span class=\"bumpedFont15\">63 034 tonnes)<\/span><\/span><span class=\"s10\"><span class=\"bumpedFont15\">, la structuration des organisations paysannes ont \u00e9t\u00e9 intensifi\u00e9s.<\/span><\/span><\/p>\n<p class=\"s11\"><span class=\"s6\"><span class=\"bumpedFont15\">L\u2019acc\u00e8s des producteurs de <\/span><\/span><span class=\"s6\"><span class=\"bumpedFont15\">la <\/span><\/span><span class=\"s6\"><span class=\"bumpedFont15\">pomme de terre aux financements <\/span><\/span><span class=\"s6\"><span class=\"bumpedFont15\">a<\/span><\/span><span class=\"s6\"><span class=\"bumpedFont15\"> boost<\/span><\/span><span class=\"s6\"><span class=\"bumpedFont15\">\u00e9<\/span><\/span><span class=\"s6\"><span class=\"bumpedFont15\"> les performances du pays. La production est pass\u00e9e de 50 000 \u00e0 95 000 tonnes<\/span><\/span><span class=\"s6\"><span class=\"bumpedFont15\">, conduisant \u00e0<\/span><\/span> <span class=\"s6\"><span class=\"bumpedFont15\">u<\/span><\/span><span class=\"s6\"><span class=\"bumpedFont15\">ne baisse des prix de14\u00a0000 GNF \u00e0 6\u00a0000 GNF le kg en<\/span><\/span><span class=\"s6\"><span class=\"bumpedFont15\">tre f\u00e9vrier et juillet 2023.<\/span><\/span><span class=\"s6\"><span class=\"bumpedFont15\">Gr\u00e2ce \u00e0<\/span><\/span><span class=\"s6\"><span class=\"bumpedFont15\"> l\u2019appui du gouvernement, <\/span><\/span><span class=\"s6\"><span class=\"bumpedFont15\">c<\/span><\/span><span class=\"s6\"><span class=\"bumpedFont15\">e prix<\/span><\/span> <span class=\"s6\"><span class=\"bumpedFont15\">devrait<\/span><\/span> <span class=\"s6\"><span class=\"bumpedFont15\">\u00eatre maintenu<\/span><\/span><span class=\"s6\"><span class=\"bumpedFont15\">\u00e0 partir de d\u00e9but mars<\/span><\/span><span class=\"s6\"><span class=\"bumpedFont15\"> 2024.<\/span><\/span><\/p>\n<p class=\"s11\"><span class=\"s6\"><span class=\"bumpedFont15\">L\u2019appui aux producteurs d\u2019ignames en semences<\/span><\/span><span class=\"s6\"><span class=\"bumpedFont15\"> et <\/span><\/span><span class=\"s6\"><span class=\"bumpedFont15\">herbicides <\/span><\/span><span class=\"s6\"><span class=\"bumpedFont15\">ainsi que leur acc\u00e8s aux <\/span><\/span><span class=\"s6\"><span class=\"bumpedFont15\">financements a <\/span><\/span><span class=\"s6\"><span class=\"bumpedFont15\">entrain\u00e9<\/span><\/span><span class=\"s6\"><span class=\"bumpedFont15\"> l\u2019augmentation de la production<\/span><\/span><span class=\"s6\"><span class=\"bumpedFont15\">.<\/span><\/span> <span class=\"s6\"><span class=\"bumpedFont15\">Ces mesures ont \u00e9galement permis la <\/span><\/span><span class=\"s6\"><span class=\"bumpedFont15\">baisse des prix d<\/span><\/span><span class=\"s6\"><span class=\"bumpedFont15\">u plus <\/span><\/span><span class=\"s6\"><span class=\"bumpedFont15\">gros <\/span><\/span><span class=\"s6\"><span class=\"bumpedFont15\">tubercule<\/span><\/span> <span class=\"s6\"><span class=\"bumpedFont15\">qui est pass\u00e9 de <\/span><\/span><span class=\"s6\"><span class=\"bumpedFont15\">35\u00a0000 GNF \u00e0 20\u00a0000 GNF <\/span><\/span><span class=\"s6\"><span class=\"bumpedFont15\">sur les grands march\u00e9s de consommation<\/span><\/span><span class=\"s6\"><span class=\"bumpedFont15\">.<\/span><\/span><\/p>\n<p class=\"s13\"><span class=\"s14\"><span class=\"bumpedFont15\">La hausse de<\/span><\/span><span class=\"s14\"><span class=\"bumpedFont15\"> la<\/span><\/span> <span class=\"s14\"><span class=\"bumpedFont15\">production<\/span><\/span><span class=\"s14\"><span class=\"bumpedFont15\"> locale et l<\/span><\/span><span class=\"s14\"><span class=\"bumpedFont15\">a<\/span><\/span><span class=\"s14\"><span class=\"bumpedFont15\"> diminution de<\/span><\/span><span class=\"s14\"><span class=\"bumpedFont15\">s<\/span><\/span><span class=\"s14\"><span class=\"bumpedFont15\"> prix sur le march\u00e9 <\/span><\/span><span class=\"s14\"><span class=\"bumpedFont15\">constituent<\/span><\/span><span class=\"s14\"><span class=\"bumpedFont15\"> des indicateurs encourageants de la politique nationale agricole <\/span><\/span><span class=\"s14\"><span class=\"bumpedFont15\">mise en \u0153uvre<\/span><\/span><span class=\"s14\"><span class=\"bumpedFont15\">. <\/span><\/span><span class=\"s10\"><span class=\"bumpedFont15\">Le<\/span><\/span><span class=\"s10\"><span class=\"bumpedFont15\"> Gouvernement <\/span><\/span><span class=\"s10\"><span class=\"bumpedFont15\">compte <\/span><\/span><span class=\"s10\"><span class=\"bumpedFont15\">poursuivre <\/span><\/span><span class=\"s10\"><span class=\"bumpedFont15\">c<\/span><\/span><span class=\"s10\"><span class=\"bumpedFont15\">es efforts afin de positionner la Guin\u00e9e au rang de grenier sous r\u00e9gional<\/span><\/span><span class=\"s10\"><span class=\"bumpedFont15\">. Cependant,<\/span><\/span><span class=\"s10\"><span class=\"bumpedFont15\"> un <\/span><\/span><span class=\"s6\"><span class=\"bumpedFont15\">grand d\u00e9fi demeure\u00a0: celui de convaincre le consommateur guin\u00e9en <\/span><\/span><span class=\"s6\"><span class=\"bumpedFont15\">de<\/span><\/span><span class=\"s6\"><span class=\"bumpedFont15\"> diversifier ses habitudes alimentaires pour r\u00e9duire progressivement sa forte d\u00e9pendance <\/span><\/span><span class=\"s6\"><span class=\"bumpedFont15\">au<\/span><\/span><span class=\"s6\"><span class=\"bumpedFont15\"> riz. <\/span><\/span><span class=\"s6\"><span class=\"bumpedFont15\">Sous le leadership du Chef de l\u2019\u00c9tat, le Gouvernement s\u2019att\u00e8le \u00e0 relever <\/span><\/span><span class=\"s6\"><span class=\"bumpedFont15\">ce d\u00e9fi.<\/span><\/span><\/p>\n<p class=\"s15\"><span class=\"s6\"><span class=\"bumpedFont15\">L<\/span><\/span><span class=\"s6\"><span class=\"bumpedFont15\">es<\/span><\/span><span class=\"s6\"><span class=\"bumpedFont15\"> autorit\u00e9s de la transition <\/span><\/span><span class=\"s6\"><span class=\"bumpedFont15\">poursuivent leurs<\/span><\/span><span class=\"s6\"><span class=\"bumpedFont15\"> efforts <\/span><\/span><span class=\"s6\"><span class=\"bumpedFont15\">d\u2019approvisionnement du march\u00e9 int\u00e9rieur et <\/span><\/span><span class=\"s6\"><span class=\"bumpedFont15\">\u00e0 <\/span><\/span><span class=\"s6\"><span class=\"bumpedFont15\">stabili<\/span><\/span><span class=\"s6\"><span class=\"bumpedFont15\">ser<\/span><\/span><span class=\"s6\"><span class=\"bumpedFont15\"> des prix des denr\u00e9es de premi\u00e8re n\u00e9cessit\u00e9 <\/span><\/span><span class=\"s6\"><span class=\"bumpedFont15\">afin <\/span><\/span><span class=\"s6\"><span class=\"bumpedFont15\">d\u2019<\/span><\/span><span class=\"s6\"><span class=\"bumpedFont15\">all\u00e9ger le panier de<\/span><\/span><span class=\"s6\"><span class=\"bumpedFont15\">s<\/span><\/span><span class=\"s6\"><span class=\"bumpedFont15\">m\u00e9nag<\/span><\/span><span class=\"s6\"><span class=\"bumpedFont15\">es<\/span><\/span><span class=\"s6\"><span class=\"bumpedFont15\"> et <\/span><\/span><span class=\"s6\"><span class=\"bumpedFont15\">d\u2019<\/span><\/span><span class=\"s6\"><span class=\"bumpedFont15\">am\u00e9liorer les conditions de vie des populations.<\/span><\/span><\/p>\n<p>\u00a0<\/p>\n<p class=\"s9\">\n<p>L\u2019article <a href=\"https:\/\/mediaguinee.com\/marche-le-gouvernement-garantit-lapprovisionnement-et-la-maitrise-des-prix-en-soutenant-la-production-agricole-locale\/\">March\u00e9: le gouvernement garantit l\u2019approvisionnement et la ma\u00eetrise des prix en soutenant la production agricole locale<\/a> est apparu en premier sur <a href=\"https:\/\/mediaguinee.com\/\">Mediaguinee.com<\/a>.<\/p>\n<\/div>\n","protected":false},"excerpt":{"rendered":"<p>Face \u00e0 la flamb\u00e9e des prix sur le march\u00e9 international perturb\u00e9 par de multiples crises, le Gouvernement guin\u00e9en a pris des mesures fortes pour assurer la disponibilit\u00e9 des produits de consommation de qualit\u00e9 et des co\u00fbts abordables. A cet effet, les Minist\u00e8res en charge du commerce et du Budget ont sign\u00e9 avec la Chambre de &hellip;<\/p>\n","protected":false},"author":1,"featured_media":0,"comment_status":"closed","ping_status":"closed","sticky":false,"template":"","format":"standard","meta":{"footnotes":""},"categories":[2],"tags":[23],"class_list":["post-68761","post","type-post","status-publish","format-standard","hentry","category-news","tag-mediaguinee"],"_links":{"self":[{"href":"https:\/\/es.ambagn.staging.e-kaidi.net\/index.php?rest_route=\/wp\/v2\/posts\/68761","targetHints":{"allow":["GET"]}}],"collection":[{"href":"https:\/\/es.ambagn.staging.e-kaidi.net\/index.php?rest_route=\/wp\/v2\/posts"}],"about":[{"href":"https:\/\/es.ambagn.staging.e-kaidi.net\/index.php?rest_route=\/wp\/v2\/types\/post"}],"author":[{"embeddable":true,"href":"https:\/\/es.ambagn.staging.e-kaidi.net\/index.php?rest_route=\/wp\/v2\/users\/1"}],"replies":[{"embeddable":true,"href":"https:\/\/es.ambagn.staging.e-kaidi.net\/index.php?rest_route=%2Fwp%2Fv2%2Fcomments&post=68761"}],"version-history":[{"count":0,"href":"https:\/\/es.ambagn.staging.e-kaidi.net\/index.php?rest_route=\/wp\/v2\/posts\/68761\/revisions"}],"wp:attachment":[{"href":"https:\/\/es.ambagn.staging.e-kaidi.net\/index.php?rest_route=%2Fwp%2Fv2%2Fmedia&parent=68761"}],"wp:term":[{"taxonomy":"category","embeddable":true,"href":"https:\/\/es.ambagn.staging.e-kaidi.net\/index.php?rest_route=%2Fwp%2Fv2%2Fcategories&post=68761"},{"taxonomy":"post_tag","embeddable":true,"href":"https:\/\/es.ambagn.staging.e-kaidi.net\/index.php?rest_route=%2Fwp%2Fv2%2Ftags&post=68761"}],"curies":[{"name":"wp","href":"https:\/\/api.w.org\/{rel}","templated":true}]}}