{"id":68171,"date":"2024-01-21T23:03:28","date_gmt":"2024-01-21T22:03:28","guid":{"rendered":"https:\/\/es.ambagn.staging.e-kaidi.net\/?p=68171"},"modified":"2024-01-21T23:03:28","modified_gmt":"2024-01-21T22:03:28","slug":"presidentielle-au-senegal-20-candidats-retenus-sonko-et-karim-ecartes","status":"publish","type":"post","link":"https:\/\/es.ambagn.staging.e-kaidi.net\/?p=68171","title":{"rendered":"Pr\u00e9sidentielle au S\u00e9n\u00e9gal: 20 candidats retenus, Sonko et Karim \u00e9cart\u00e9s"},"content":{"rendered":"<div>\n<div style=\"margin-bottom:20px;\"><img width=\"1536\" height=\"1159\"src=\"https:\/\/i0.wp.com\/mediaguinee.com\/wp-content\/uploads\/2024\/01\/IMG_2983.jpeg?w=1536&amp;ssl=1\" class=\"attachment-post-thumbnail size-post-thumbnail wp-post-image\" alt=\"\" decoding=\"async\" srcset=\"https:\/\/i0.wp.com\/mediaguinee.com\/wp-content\/uploads\/2024\/01\/IMG_2983.jpeg?w=1536&amp;ssl=1 1536w, https:\/\/i0.wp.com\/mediaguinee.com\/wp-content\/uploads\/2024\/01\/IMG_2983.jpeg?resize=300%2C226&amp;ssl=1 300w, https:\/\/i0.wp.com\/mediaguinee.com\/wp-content\/uploads\/2024\/01\/IMG_2983.jpeg?resize=1024%2C773&amp;ssl=1 1024w, https:\/\/i0.wp.com\/mediaguinee.com\/wp-content\/uploads\/2024\/01\/IMG_2983.jpeg?resize=768%2C580&amp;ssl=1 768w, https:\/\/i0.wp.com\/mediaguinee.com\/wp-content\/uploads\/2024\/01\/IMG_2983.jpeg?resize=86%2C64&amp;ssl=1 86w\" sizes=\"(max-width: 1536px) 100vw, 1536px\" data-attachment-id=\"249624\" data-permalink=\"https:\/\/mediaguinee.com\/presidentielle-au-senegal-20-candidats-retenus-sonko-et-karim-ecartes\/img_2983\/\" data-orig-file=\"https:\/\/i0.wp.com\/mediaguinee.com\/wp-content\/uploads\/2024\/01\/IMG_2983.jpeg?fit=1536%2C1159&amp;ssl=1\" data-orig-size=\"1536,1159\" data-comments-opened=\"1\" data-image-meta='{\"aperture\":\"0\",\"credit\":\"\",\"camera\":\"\",\"caption\":\"\",\"created_timestamp\":\"0\",\"copyright\":\"\",\"focal_length\":\"0\",\"iso\":\"0\",\"shutter_speed\":\"0\",\"title\":\"\",\"orientation\":\"1\"}' data-image-title=\"IMG_2983\" data-image-description=\"\" data-image-caption=\"\" data-medium-file=\"https:\/\/i0.wp.com\/mediaguinee.com\/wp-content\/uploads\/2024\/01\/IMG_2983.jpeg?fit=300%2C226&amp;ssl=1\" data-large-file=\"https:\/\/i0.wp.com\/mediaguinee.com\/wp-content\/uploads\/2024\/01\/IMG_2983.jpeg?fit=1024%2C773&amp;ssl=1\"><\/div>\n<p>Le Conseil constitutionnel s\u00e9n\u00e9galais a publi\u00e9 samedi une liste d\u00e9finitive de 20 candidats \u00e0 la pr\u00e9sidentielle du 25 f\u00e9vrier sur laquelle ne figurent pas deux opposants notables: Ousmane Sonko, actuellement emprisonn\u00e9, et Karim Wade, fils et ministre de l\u2019ex-pr\u00e9sident Abdoulaye Wade, a constat\u00e9 l\u2019AFP.<\/p>\n<p class=\"text-left ap-StoryElement ap-StoryElement--mb ap-StoryText\">La liste comprend le candidat du pouvoir, le Premier ministre Amadou B\u00e2, les anciens chefs de gouvernement Idrissa Seck et Mahammed Boun Abdallah Dionne, et Bassirou Diomaye Diakhar Faye, pr\u00e9sent\u00e9 comme le candidat de substitution de M. Sonko.<\/p>\n<p class=\"text-left ap-StoryElement ap-StoryElement--mb ap-StoryText\">M. Faye, 43 ans, membre du parti dissous de M. Sonko, est lui aussi d\u00e9tenu, mais il n\u2019a pas encore \u00e9t\u00e9 jug\u00e9. Il est en prison depuis avril 2023 pour \u00ab\u00a0outrage \u00e0 magistrat\u00a0\u00bb et \u00ab\u00a0diffamation \u00e0 l\u2019encontre d\u2019un corps constitu\u00e9\u00a0\u00bb apr\u00e8s un message publi\u00e9 sur Facebook.<\/p>\n<p>Ousmane Sonko, personnage central d\u2019un bras de fer de plus de deux ans avec l\u2019Etat qui a donn\u00e9 lieu \u00e0 plusieurs \u00e9pisodes de troubles meurtriers, n\u2019est pas sur la liste, comme cela \u00e9tait attendu. Populaire parmi les jeunes, il \u00e9tait donn\u00e9 parmi les favoris de la pr\u00e9sidentielle.<\/p>\n<p>Le Conseil a, apr\u00e8s un dernier recours de M. Sonko, \u00e9cart\u00e9 sa candidature en raison d\u2019une condamnation d\u00e9finitive pour diffamation \u00e0 six mois de prison avec sursis le 4 janvier qui le rend \u00ab\u00a0in\u00e9ligible pour cinq ans\u00a0\u00bb, une affaire l\u2019ayant oppos\u00e9 \u00e0 un ministre.<\/p>\n<p class=\"text-left ap-StoryElement ap-StoryElement--mb ap-StoryText\">Dans deux autres dossiers, M. Sonko a \u00e9t\u00e9 d\u00e9clar\u00e9 coupable en juin de d\u00e9bauche de mineure et condamn\u00e9 \u00e0 deux ans de prison ferme, puis \u00e9crou\u00e9 fin juillet sous d\u2019autres chefs d\u2019inculpation, dont appel \u00e0 l\u2019insurrection, association de malfaiteurs en lien avec une entreprise terroriste et atteinte \u00e0 la s\u00fbret\u00e9 de l\u2019Etat, une affaire pendante.<\/p>\n<p class=\"text-left ap-StoryElement ap-StoryElement--mb ap-StoryText\">M. Sonko a d\u00e9nonc\u00e9 un complot pour l\u2019emp\u00eacher de participer \u00e0 la pr\u00e9sidentielle de 2024, ce que le pouvoir d\u00e9ment.<\/p>\n<p class=\"text-left ap-StoryElement ap-StoryElement--mb ap-StoryText\">La liste d\u00e9finitive inclut deux femmes, Rose Wardini, gyn\u00e9cologue et actrice de la soci\u00e9t\u00e9 civile, et l\u2019entrepreneure Anta Babacar Ngom.<\/p>\n<p class=\"text-left ap-StoryElement ap-StoryElement--mb ap-StoryText\">C\u2019est la premi\u00e8re fois que le S\u00e9n\u00e9gal organise une pr\u00e9sidentielle avec autant de candidats, a affirm\u00e9 samedi \u00e0 l\u2019AFP le constitutionnaliste Babacar Gu\u00e8ye. Cinq candidats avaient \u00e9t\u00e9 retenus lors de la pr\u00e9sidentielle de 2019, remport\u00e9e par le pr\u00e9sident Macky Sall.<\/p>\n<p class=\"text-left ap-StoryElement ap-StoryElement--mb ap-StoryText\">\u2013 Candidature \u00ab\u00a0irrecevable\u00a0\u00bb de Karim Wade \u2013<\/p>\n<p class=\"text-left ap-StoryElement ap-StoryElement--mb ap-StoryText\">L\u2019opposant Karim Wade, fils et ministre de l\u2019ex-pr\u00e9sident Abdoulaye Wade (2000-2012), a vu sa candidature jug\u00e9e \u00ab\u00a0irrecevable\u00a0\u00bb en raison de sa double nationalit\u00e9 fran\u00e7aise et s\u00e9n\u00e9galaise, selon le Conseil.<\/p>\n<p class=\"text-left ap-StoryElement ap-StoryElement--mb ap-StoryText\">Tout candidat \u00e0 la pr\u00e9sidence \u00ab\u00a0doit \u00eatre exclusivement de nationalit\u00e9 s\u00e9n\u00e9galaise, jouir de ses droits civils et politiques\u00a0\u00bb, dit la Constitution.<\/p>\n<p class=\"text-left ap-StoryElement ap-StoryElement--mb ap-StoryText\">Karim Wade, 55 ans, n\u00e9 en France d\u2019un p\u00e8re s\u00e9n\u00e9galais et d\u2019une m\u00e8re d\u2019origine fran\u00e7aise, a produit une d\u00e9claration sur l\u2019honneur dat\u00e9e du 21 d\u00e9cembre selon laquelle il a exclusivement la nationalit\u00e9 s\u00e9n\u00e9galaise, a indiqu\u00e9 le Conseil.<\/p>\n<p class=\"text-left ap-StoryElement ap-StoryElement--mb ap-StoryText\">Or, le document de preuve qu\u2019il a pr\u00e9sent\u00e9 est un d\u00e9cret dat\u00e9 du 16 janvier publi\u00e9 le lendemain au Journal officiel de la R\u00e9publique fran\u00e7aise. La juridiction estime que les effets du d\u00e9cret consacrant la renonciation par M. Wade \u00e0 sa nationalit\u00e9 fran\u00e7aise \u00ab\u00a0ne sont pas r\u00e9troactifs\u00a0\u00bb et que sa d\u00e9claration sur l\u2019honneur a \u00e9t\u00e9 \u00ab\u00a0inexacte\u00a0\u00bb au moment de son d\u00e9p\u00f4t.<\/p>\n<p class=\"text-left ap-StoryElement ap-StoryElement--mb ap-StoryText\">L\u2019ancien ministre Thierno Alassane Sall, lui-m\u00eame candidat, avait d\u00e9pos\u00e9 lundi un recours contre la candidature de M. Wade, la jugeant anticonstitutionnelle.<\/p>\n<p class=\"text-left ap-StoryElement ap-StoryElement--mb ap-StoryText\">Karim Wade a d\u00e9nonc\u00e9 dimanche sur X \u00ab\u00a0une d\u00e9cision scandaleuse\u00a0\u00bb et \u00ab\u00a0un nouveau complot judiciaire\u00a0\u00bb, annon\u00e7ant une saisine des juridictions internationales.<\/p>\n<p class=\"text-left ap-StoryElement ap-StoryElement--mb ap-StoryText\">Il avait \u00e9t\u00e9 emp\u00each\u00e9 de concourir \u00e0 la pr\u00e9sidentielle de 2019 du fait de sa condamnation en 2015 \u00e0 six ans de prison ferme pour enrichissement illicite. D\u00e9tenu pendant plus de trois ans, il avait \u00e9t\u00e9 graci\u00e9 en 2016 par le pr\u00e9sident Sall, et vit depuis en exil \u00e0 l\u2019\u00e9tranger.<\/p>\n<p class=\"text-left ap-StoryElement ap-StoryElement--mb ap-StoryText\">L\u2019Assembl\u00e9e nationale avait vot\u00e9 en ao\u00fbt une loi lui rendant son \u00e9ligibilit\u00e9.<\/p>\n<p class=\"text-left ap-StoryElement ap-StoryElement--mb ap-StoryText\">A moins d\u2019un mois et demi de l\u2019\u00e9ch\u00e9ance, l\u2019incertitude est totale quant \u00e0 l\u2019issue de l\u2019\u00e9lection \u00e0 deux tours.<\/p>\n<p class=\"text-left ap-StoryElement ap-StoryElement--mb ap-StoryText\">Le S\u00e9n\u00e9gal organise pour la premi\u00e8re fois une \u00e9lection pr\u00e9sidentielle sans la participation du pr\u00e9sident sortant.<\/p>\n<p class=\"text-left ap-StoryElement ap-StoryElement--mb ap-StoryText\">Macky Sall, \u00e9lu en 2012 pour sept ans et r\u00e9\u00e9lu en 2019, a d\u00e9clar\u00e9 en juillet qu\u2019il ne se repr\u00e9senterait pas en f\u00e9vrier 2024. Il a alors choisi le Premier ministre Amadou B\u00e2 pour lui succ\u00e9der.<\/p>\n<p><strong>AFP<\/strong><\/p>\n<p>\u00a0<\/p>\n<p>L\u2019article <a href=\"https:\/\/mediaguinee.com\/presidentielle-au-senegal-20-candidats-retenus-sonko-et-karim-ecartes\/\">Pr\u00e9sidentielle au S\u00e9n\u00e9gal: 20 candidats retenus, Sonko et Karim \u00e9cart\u00e9s<\/a> est apparu en premier sur <a href=\"https:\/\/mediaguinee.com\/\">Mediaguinee.com<\/a>.<\/p>\n<\/div>\n","protected":false},"excerpt":{"rendered":"<p>Le Conseil constitutionnel s\u00e9n\u00e9galais a publi\u00e9 samedi une liste d\u00e9finitive de 20 candidats \u00e0 la pr\u00e9sidentielle du 25 f\u00e9vrier sur laquelle ne figurent pas deux opposants notables: Ousmane Sonko, actuellement emprisonn\u00e9, et Karim Wade, fils et ministre de l\u2019ex-pr\u00e9sident Abdoulaye Wade, a constat\u00e9 l\u2019AFP. La liste comprend le candidat du pouvoir, le Premier ministre Amadou &hellip;<\/p>\n","protected":false},"author":1,"featured_media":0,"comment_status":"closed","ping_status":"closed","sticky":false,"template":"","format":"standard","meta":{"footnotes":""},"categories":[2],"tags":[23],"class_list":["post-68171","post","type-post","status-publish","format-standard","hentry","category-news","tag-mediaguinee"],"_links":{"self":[{"href":"https:\/\/es.ambagn.staging.e-kaidi.net\/index.php?rest_route=\/wp\/v2\/posts\/68171","targetHints":{"allow":["GET"]}}],"collection":[{"href":"https:\/\/es.ambagn.staging.e-kaidi.net\/index.php?rest_route=\/wp\/v2\/posts"}],"about":[{"href":"https:\/\/es.ambagn.staging.e-kaidi.net\/index.php?rest_route=\/wp\/v2\/types\/post"}],"author":[{"embeddable":true,"href":"https:\/\/es.ambagn.staging.e-kaidi.net\/index.php?rest_route=\/wp\/v2\/users\/1"}],"replies":[{"embeddable":true,"href":"https:\/\/es.ambagn.staging.e-kaidi.net\/index.php?rest_route=%2Fwp%2Fv2%2Fcomments&post=68171"}],"version-history":[{"count":0,"href":"https:\/\/es.ambagn.staging.e-kaidi.net\/index.php?rest_route=\/wp\/v2\/posts\/68171\/revisions"}],"wp:attachment":[{"href":"https:\/\/es.ambagn.staging.e-kaidi.net\/index.php?rest_route=%2Fwp%2Fv2%2Fmedia&parent=68171"}],"wp:term":[{"taxonomy":"category","embeddable":true,"href":"https:\/\/es.ambagn.staging.e-kaidi.net\/index.php?rest_route=%2Fwp%2Fv2%2Fcategories&post=68171"},{"taxonomy":"post_tag","embeddable":true,"href":"https:\/\/es.ambagn.staging.e-kaidi.net\/index.php?rest_route=%2Fwp%2Fv2%2Ftags&post=68171"}],"curies":[{"name":"wp","href":"https:\/\/api.w.org\/{rel}","templated":true}]}}