{"id":67913,"date":"2024-01-14T23:23:27","date_gmt":"2024-01-14T22:23:27","guid":{"rendered":"https:\/\/es.ambagn.staging.e-kaidi.net\/?p=67913"},"modified":"2024-01-14T23:23:27","modified_gmt":"2024-01-14T22:23:27","slug":"enquetes-a-conakry-le-journaliste-francais-thomas-dietrich-expulse-vers-la-france-ce-soir","status":"publish","type":"post","link":"https:\/\/es.ambagn.staging.e-kaidi.net\/?p=67913","title":{"rendered":"Enqu\u00eates \u00e0 Conakry- Le journaliste fran\u00e7ais Thomas Dietrich expuls\u00e9 vers la France ce soir ?"},"content":{"rendered":"<div>\n<div style=\"margin-bottom:20px;\"><img width=\"1280\" height=\"941\"src=\"https:\/\/i0.wp.com\/mediaguinee.com\/wp-content\/uploads\/2024\/01\/IMG_2692.jpeg?w=1280&amp;ssl=1\" class=\"attachment-post-thumbnail size-post-thumbnail wp-post-image\" alt=\"\" decoding=\"async\" srcset=\"https:\/\/i0.wp.com\/mediaguinee.com\/wp-content\/uploads\/2024\/01\/IMG_2692.jpeg?w=1280&amp;ssl=1 1280w, https:\/\/i0.wp.com\/mediaguinee.com\/wp-content\/uploads\/2024\/01\/IMG_2692.jpeg?resize=300%2C221&amp;ssl=1 300w, https:\/\/i0.wp.com\/mediaguinee.com\/wp-content\/uploads\/2024\/01\/IMG_2692.jpeg?resize=1024%2C753&amp;ssl=1 1024w, https:\/\/i0.wp.com\/mediaguinee.com\/wp-content\/uploads\/2024\/01\/IMG_2692.jpeg?resize=768%2C565&amp;ssl=1 768w, https:\/\/i0.wp.com\/mediaguinee.com\/wp-content\/uploads\/2024\/01\/IMG_2692.jpeg?resize=86%2C64&amp;ssl=1 86w\" sizes=\"(max-width: 1280px) 100vw, 1280px\" data-attachment-id=\"249170\" data-permalink=\"https:\/\/mediaguinee.com\/enquetes-a-conakry-le-journaliste-francais-thomas-dietrich-expulse-vers-la-france-ce-soir\/img_2692\/\" data-orig-file=\"https:\/\/i0.wp.com\/mediaguinee.com\/wp-content\/uploads\/2024\/01\/IMG_2692.jpeg?fit=1280%2C941&amp;ssl=1\" data-orig-size=\"1280,941\" data-comments-opened=\"1\" data-image-meta='{\"aperture\":\"0\",\"credit\":\"\",\"camera\":\"\",\"caption\":\"\",\"created_timestamp\":\"0\",\"copyright\":\"\",\"focal_length\":\"0\",\"iso\":\"0\",\"shutter_speed\":\"0\",\"title\":\"\",\"orientation\":\"1\"}' data-image-title=\"IMG_2692\" data-image-description=\"\" data-image-caption=\"\" data-medium-file=\"https:\/\/i0.wp.com\/mediaguinee.com\/wp-content\/uploads\/2024\/01\/IMG_2692.jpeg?fit=300%2C221&amp;ssl=1\" data-large-file=\"https:\/\/i0.wp.com\/mediaguinee.com\/wp-content\/uploads\/2024\/01\/IMG_2692.jpeg?fit=1024%2C753&amp;ssl=1\"><\/div>\n<p>Et de deux pour le journaliste fran\u00e7ais en Guin\u00e9e ? Thomas Dietrich a \u00e9t\u00e9 arr\u00eat\u00e9 dimanche,14 janvier dans un h\u00f4tel de Kip\u00e9, en banlieue de \u00a0Conakry, alors qu\u2019il \u201cenqu\u00eatait sur la Soci\u00e9t\u00e9 Nationale des P\u00e9troles (SONAP)\u201d, selon plusieurs sources.<\/p>\n<p>A en croire le journaliste Facely Konat\u00e9 qui a donn\u00e9 l\u2019alerte, \u00ab depuis quelques jours, il s\u00e9journe dans le pays dans le cadre d\u2019une enqu\u00eate sur la Soci\u00e9t\u00e9 Nationale des P\u00e9troles (SONAP) \u00bb. Une source ajoute qu\u2019il s\u2019int\u00e9resserait aussi aux patrimoines de certains dirigeants de la transition.<\/p>\n<p>Aux derni\u00e8res informations, on apprend que le journaliste qui n\u2019est pas \u00e0 ses premiers ennuis avec les r\u00e9gimes guin\u00e9ens pourrait \u00eatre expuls\u00e9 ce soir vers son pays.<br \/>\nAu temps du pr\u00e9sident Alpha Cond\u00e9, Dietrich avait \u00e9t\u00e9 arr\u00eat\u00e9 et expuls\u00e9 en mars 2020 vers la France.<\/p>\n<p><em>\u00a0\u00ab Je suis fran\u00e7ais et fier de l\u2019\u00eatre. Je fais mienne l\u2019ensemble des valeurs r\u00e9publicaines. Et c\u2019est notamment parce que je m\u2019enorgueillis de la terre qui m\u2019a vu na\u00eetre que je m\u2019insurge contre l\u2019action de nos gouvernants sur le sol africain. Mes prises de position sont tranch\u00e9es, certes : elles r\u00e9clament la fin du soutien de l\u2019Elys\u00e9e aux tyrans du continent, la sortie du franc CFA, cette monnaie d\u2019inspiration coloniale ou encore le d\u00e9part de l\u2019arm\u00e9e fran\u00e7aise du Sahel pour \u00eatre remplac\u00e9e par des arm\u00e9es africaines, bien plus l\u00e9gitimes. Mon militantisme, m\u00eame s\u2019il prend une forme concr\u00e8te par-del\u00e0 la M\u00e9diterran\u00e9e, ne m\u2019a jamais amen\u00e9 \u00e0 user d\u2019autres armes que ma plume\u00ab , <\/em>disait-il dans le journal Lib\u00e9ration<em>.<\/em><\/p>\n<p><strong>Ousmane CAMARA<\/strong><\/p>\n<p>L\u2019article <a href=\"https:\/\/mediaguinee.com\/enquetes-a-conakry-le-journaliste-francais-thomas-dietrich-expulse-vers-la-france-ce-soir\/\">Enqu\u00eates \u00e0 Conakry- Le journaliste fran\u00e7ais Thomas Dietrich expuls\u00e9 vers la France ce soir ?<\/a> est apparu en premier sur <a href=\"https:\/\/mediaguinee.com\/\">Mediaguinee.com<\/a>.<\/p>\n<\/div>\n","protected":false},"excerpt":{"rendered":"<p>Et de deux pour le journaliste fran\u00e7ais en Guin\u00e9e ? Thomas Dietrich a \u00e9t\u00e9 arr\u00eat\u00e9 dimanche,14 janvier dans un h\u00f4tel de Kip\u00e9, en banlieue de \u00a0Conakry, alors qu\u2019il \u201cenqu\u00eatait sur la Soci\u00e9t\u00e9 Nationale des P\u00e9troles (SONAP)\u201d, selon plusieurs sources. A en croire le journaliste Facely Konat\u00e9 qui a donn\u00e9 l\u2019alerte, \u00ab depuis quelques jours, il &hellip;<\/p>\n","protected":false},"author":1,"featured_media":0,"comment_status":"closed","ping_status":"closed","sticky":false,"template":"","format":"standard","meta":{"footnotes":""},"categories":[2],"tags":[23],"class_list":["post-67913","post","type-post","status-publish","format-standard","hentry","category-news","tag-mediaguinee"],"_links":{"self":[{"href":"https:\/\/es.ambagn.staging.e-kaidi.net\/index.php?rest_route=\/wp\/v2\/posts\/67913","targetHints":{"allow":["GET"]}}],"collection":[{"href":"https:\/\/es.ambagn.staging.e-kaidi.net\/index.php?rest_route=\/wp\/v2\/posts"}],"about":[{"href":"https:\/\/es.ambagn.staging.e-kaidi.net\/index.php?rest_route=\/wp\/v2\/types\/post"}],"author":[{"embeddable":true,"href":"https:\/\/es.ambagn.staging.e-kaidi.net\/index.php?rest_route=\/wp\/v2\/users\/1"}],"replies":[{"embeddable":true,"href":"https:\/\/es.ambagn.staging.e-kaidi.net\/index.php?rest_route=%2Fwp%2Fv2%2Fcomments&post=67913"}],"version-history":[{"count":0,"href":"https:\/\/es.ambagn.staging.e-kaidi.net\/index.php?rest_route=\/wp\/v2\/posts\/67913\/revisions"}],"wp:attachment":[{"href":"https:\/\/es.ambagn.staging.e-kaidi.net\/index.php?rest_route=%2Fwp%2Fv2%2Fmedia&parent=67913"}],"wp:term":[{"taxonomy":"category","embeddable":true,"href":"https:\/\/es.ambagn.staging.e-kaidi.net\/index.php?rest_route=%2Fwp%2Fv2%2Fcategories&post=67913"},{"taxonomy":"post_tag","embeddable":true,"href":"https:\/\/es.ambagn.staging.e-kaidi.net\/index.php?rest_route=%2Fwp%2Fv2%2Ftags&post=67913"}],"curies":[{"name":"wp","href":"https:\/\/api.w.org\/{rel}","templated":true}]}}