{"id":67862,"date":"2024-01-13T23:05:43","date_gmt":"2024-01-13T22:05:43","guid":{"rendered":"https:\/\/es.ambagn.staging.e-kaidi.net\/?p=67862"},"modified":"2024-01-13T23:05:43","modified_gmt":"2024-01-13T22:05:43","slug":"administration-penitentiaire-un-homme-du-serail-nomme-par-colonel-mamadi-doumbouya","status":"publish","type":"post","link":"https:\/\/es.ambagn.staging.e-kaidi.net\/?p=67862","title":{"rendered":"Administration p\u00e9nitentiaire : un homme du s\u00e9rail nomm\u00e9 par colonel Mamadi Doumbouya"},"content":{"rendered":"<div>\n<div style=\"margin-bottom:20px;\"><img width=\"525\" height=\"362\"src=\"https:\/\/i0.wp.com\/mediaguinee.com\/wp-content\/uploads\/2024\/01\/966bd597-054d-4383-b0d6-916e3e50f272.jpeg?w=525&amp;ssl=1\" class=\"attachment-post-thumbnail size-post-thumbnail wp-post-image\" alt=\"\" decoding=\"async\" srcset=\"https:\/\/i0.wp.com\/mediaguinee.com\/wp-content\/uploads\/2024\/01\/966bd597-054d-4383-b0d6-916e3e50f272.jpeg?w=525&amp;ssl=1 525w, https:\/\/i0.wp.com\/mediaguinee.com\/wp-content\/uploads\/2024\/01\/966bd597-054d-4383-b0d6-916e3e50f272.jpeg?resize=300%2C207&amp;ssl=1 300w\" sizes=\"(max-width: 525px) 100vw, 525px\" data-attachment-id=\"249128\" data-permalink=\"https:\/\/mediaguinee.com\/administration-penitentiaire-un-homme-du-serail-nomme-par-colonel-mamadi-doumbouya\/966bd597-054d-4383-b0d6-916e3e50f272\/\" data-orig-file=\"https:\/\/i0.wp.com\/mediaguinee.com\/wp-content\/uploads\/2024\/01\/966bd597-054d-4383-b0d6-916e3e50f272.jpeg?fit=525%2C362&amp;ssl=1\" data-orig-size=\"525,362\" data-comments-opened=\"1\" data-image-meta='{\"aperture\":\"0\",\"credit\":\"\",\"camera\":\"\",\"caption\":\"\",\"created_timestamp\":\"1705157242\",\"copyright\":\"\",\"focal_length\":\"0\",\"iso\":\"0\",\"shutter_speed\":\"0\",\"title\":\"\",\"orientation\":\"1\"}' data-image-title=\"966bd597-054d-4383-b0d6-916e3e50f272\" data-image-description=\"\" data-image-caption=\"\" data-medium-file=\"https:\/\/i0.wp.com\/mediaguinee.com\/wp-content\/uploads\/2024\/01\/966bd597-054d-4383-b0d6-916e3e50f272.jpeg?fit=300%2C207&amp;ssl=1\" data-large-file=\"https:\/\/i0.wp.com\/mediaguinee.com\/wp-content\/uploads\/2024\/01\/966bd597-054d-4383-b0d6-916e3e50f272.jpeg?fit=525%2C362&amp;ssl=1\"><\/div>\n<p class=\"s3\"><span class=\"s4\"><span class=\"bumpedFont15\">Militaire <\/span><\/span><span class=\"s4\"><span class=\"bumpedFont15\">de carri\u00e8re, le Lieutenant-Colonel <\/span><\/span><span class=\"s4\"><span class=\"bumpedFont15\">Mamady <\/span><\/span><span class=\"s4\"><span class=\"bumpedFont15\">Cond\u00e9 est aussi <\/span><\/span><span class=\"s4\"><span class=\"bumpedFont15\">un professionnel<\/span><\/span><span class=\"s4\"><span class=\"bumpedFont15\"> de la <\/span><\/span><span class=\"s4\"><span class=\"bumpedFont15\">r\u00e9\u00e9ducation et de la r\u00e9adaptation des <\/span><\/span><span class=\"s4\"><span class=\"bumpedFont15\">d\u00e9tenus<\/span><\/span><span class=\"s4\"><span class=\"bumpedFont15\">. Il a d\u2019ailleurs \u00e9crit un ouvrage <\/span><\/span><span class=\"s4\"><span class=\"bumpedFont15\">sur le<\/span><\/span><span class=\"s4\"><span class=\"bumpedFont15\">s<\/span><\/span><span class=\"s4\"><span class=\"bumpedFont15\"> droits et devoirs des d\u00e9tenus dans les prisons guin\u00e9ennes en cours de publication.<\/span><\/span><\/p>\n<p><img decoding=\"async\" data-attachment-id=\"249130\" data-permalink=\"https:\/\/mediaguinee.com\/administration-penitentiaire-un-homme-du-serail-nomme-par-colonel-mamadi-doumbouya\/93dd9e63-a866-46bc-ba53-f3161691450a\/\" data-orig-file=\"https:\/\/i0.wp.com\/mediaguinee.com\/wp-content\/uploads\/2024\/01\/93dd9e63-a866-46bc-ba53-f3161691450a.jpeg?fit=448%2C379&amp;ssl=1\" data-orig-size=\"448,379\" data-comments-opened=\"1\" data-image-meta='{\"aperture\":\"0\",\"credit\":\"\",\"camera\":\"\",\"caption\":\"\",\"created_timestamp\":\"1705157242\",\"copyright\":\"\",\"focal_length\":\"0\",\"iso\":\"0\",\"shutter_speed\":\"0\",\"title\":\"\",\"orientation\":\"1\"}' data-image-title=\"93dd9e63-a866-46bc-ba53-f3161691450a\" data-image-description=\"\" data-image-caption=\"\" data-medium-file=\"https:\/\/i0.wp.com\/mediaguinee.com\/wp-content\/uploads\/2024\/01\/93dd9e63-a866-46bc-ba53-f3161691450a.jpeg?fit=300%2C254&amp;ssl=1\" data-large-file=\"https:\/\/i0.wp.com\/mediaguinee.com\/wp-content\/uploads\/2024\/01\/93dd9e63-a866-46bc-ba53-f3161691450a.jpeg?fit=448%2C379&amp;ssl=1\" class=\"alignleft size-full wp-image-249130\"src=\"https:\/\/i0.wp.com\/mediaguinee.com\/wp-content\/uploads\/2024\/01\/93dd9e63-a866-46bc-ba53-f3161691450a.jpeg?w=448&amp;ssl=1\" alt=\"\" width=\"448\" height=\"379\" srcset=\"https:\/\/i0.wp.com\/mediaguinee.com\/wp-content\/uploads\/2024\/01\/93dd9e63-a866-46bc-ba53-f3161691450a.jpeg?w=448&amp;ssl=1 448w, https:\/\/i0.wp.com\/mediaguinee.com\/wp-content\/uploads\/2024\/01\/93dd9e63-a866-46bc-ba53-f3161691450a.jpeg?resize=300%2C254&amp;ssl=1 300w\" sizes=\"(max-width: 448px) 100vw, 448px\" data-recalc-dims=\"1\"><\/p>\n<p class=\"s3\"><span class=\"s4\"><span class=\"bumpedFont15\">Le nouveau directeur<\/span><\/span><span class=\"s4\"><span class=\"bumpedFont15\"> national<\/span><\/span><span class=\"s4\"><span class=\"bumpedFont15\"> adjoint de l\u2019administration p\u00e9nitentiaire <\/span><\/span><span class=\"s4\"><span class=\"bumpedFont15\">et de la r\u00e9insertion <\/span><\/span><span class=\"s4\"><span class=\"bumpedFont15\">a d\u00e9j\u00e0 \u00e9t\u00e9 R\u00e9gisseur des prisons de\u00a0: <\/span><\/span><span class=\"s4\"><span class=\"bumpedFont15\">Coyah<\/span><\/span><span class=\"s4\"><span class=\"bumpedFont15\">, <\/span><\/span><span class=\"s4\"><span class=\"bumpedFont15\">T\u00e9l\u00e9m\u00e9l\u00e9<\/span><\/span><span class=\"s4\"><span class=\"bumpedFont15\">, Bok\u00e9, <\/span><\/span><span class=\"s4\"><span class=\"bumpedFont15\">Dalaba<\/span><\/span><span class=\"s4\"><span class=\"bumpedFont15\">, Kissidougou, Macenta, <\/span><\/span><span class=\"s4\"><span class=\"bumpedFont15\">Beyla<\/span><\/span><span class=\"s4\"><span class=\"bumpedFont15\">, Gaoual, Pita, Kankan, Faranah, <\/span><\/span><span class=\"s4\"><span class=\"bumpedFont15\">NZerekor\u00e9<\/span><\/span><span class=\"s4\"><span class=\"bumpedFont15\">, <\/span><\/span><span class=\"s4\"><span class=\"bumpedFont15\">Mamaou<\/span><\/span><span class=\"s4\"><span class=\"bumpedFont15\">, Bok\u00e9, Siguiri et Kouroussa entre 1985 et 2008.<\/span><\/span><\/p>\n<p class=\"s3\"><span class=\"s4\"><span class=\"bumpedFont15\">Il a aussi fait <\/span><\/span><span class=\"s4\"><span class=\"bumpedFont15\">ses preuves en tant que consultant pour les ONG et les institutions internationales sur les questions li\u00e9es \u00e0 la protection et \u00e0 l\u2019assistance sociale et juridique des mineurs en conflits avec la loi. <\/span><\/span><\/p>\n<p class=\"s3\"><span class=\"s4\"><span class=\"bumpedFont15\">Le Militaire \u00e0 la retraite <\/span><\/span><span class=\"s4\"><span class=\"bumpedFont15\">a \u00e9t\u00e9 membre de l\u2019Association P\u00e9nitentiaire Africaine (APA) de l\u2019association Internationale des magistrats de la jeunesse et leurs familles. Il <\/span><\/span><span class=\"s4\"><span class=\"bumpedFont15\">est<\/span><\/span><span class=\"s4\"><span class=\"bumpedFont15\"> enfin<\/span><\/span><span class=\"s4\"><span class=\"bumpedFont15\"> le <\/span><\/span><span class=\"s4\"><span class=\"bumpedFont15\">pr\u00e9sident<\/span><\/span><span class=\"s4\"><span class=\"bumpedFont15\"> d<\/span><\/span><span class=\"s4\"><span class=\"bumpedFont15\">e l\u2019ONG Association d\u2019Aide aux Personnes en situation difficile (2APSD<\/span><\/span><\/p>\n<p class=\"s3\"><span class=\"s4\"><span class=\"bumpedFont15\">C\u2019est donc un homme du s\u00e9rail, assez exp\u00e9riment\u00e9 qui a b\u00e9n\u00e9fici\u00e9 de la confiance du Colonel <\/span><\/span><span class=\"s4\"><span class=\"bumpedFont15\">Mamadi <\/span><\/span><span class=\"s4\"><span class=\"bumpedFont15\">Doumbouya<\/span><\/span><span class=\"s4\"><span class=\"bumpedFont15\">, Chef de l\u2019Etat \u00e0 travers son Ministre de la Justice Alphonse Charles Wright aupr\u00e8s de Mamadou <\/span><\/span><span class=\"s4\"><span class=\"bumpedFont15\">Gandho <\/span><\/span><span class=\"s4\"><span class=\"bumpedFont15\">BAH, Directeur National de l\u2019administration p\u00e9nitentiaire et de la r\u00e9insertion.<\/span><\/span><\/p>\n<p>\u00a0<\/p>\n<p>L\u2019article <a href=\"https:\/\/mediaguinee.com\/administration-penitentiaire-un-homme-du-serail-nomme-par-colonel-mamadi-doumbouya\/\">Administration p\u00e9nitentiaire : un homme du s\u00e9rail nomm\u00e9 par colonel Mamadi Doumbouya<\/a> est apparu en premier sur <a href=\"https:\/\/mediaguinee.com\/\">Mediaguinee.com<\/a>.<\/p>\n<\/div>\n","protected":false},"excerpt":{"rendered":"<p>Militaire de carri\u00e8re, le Lieutenant-Colonel Mamady Cond\u00e9 est aussi un professionnel de la r\u00e9\u00e9ducation et de la r\u00e9adaptation des d\u00e9tenus. Il a d\u2019ailleurs \u00e9crit un ouvrage sur les droits et devoirs des d\u00e9tenus dans les prisons guin\u00e9ennes en cours de publication. Le nouveau directeur national adjoint de l\u2019administration p\u00e9nitentiaire et de la r\u00e9insertion a d\u00e9j\u00e0 &hellip;<\/p>\n","protected":false},"author":1,"featured_media":0,"comment_status":"closed","ping_status":"closed","sticky":false,"template":"","format":"standard","meta":{"footnotes":""},"categories":[2],"tags":[23],"class_list":["post-67862","post","type-post","status-publish","format-standard","hentry","category-news","tag-mediaguinee"],"_links":{"self":[{"href":"https:\/\/es.ambagn.staging.e-kaidi.net\/index.php?rest_route=\/wp\/v2\/posts\/67862","targetHints":{"allow":["GET"]}}],"collection":[{"href":"https:\/\/es.ambagn.staging.e-kaidi.net\/index.php?rest_route=\/wp\/v2\/posts"}],"about":[{"href":"https:\/\/es.ambagn.staging.e-kaidi.net\/index.php?rest_route=\/wp\/v2\/types\/post"}],"author":[{"embeddable":true,"href":"https:\/\/es.ambagn.staging.e-kaidi.net\/index.php?rest_route=\/wp\/v2\/users\/1"}],"replies":[{"embeddable":true,"href":"https:\/\/es.ambagn.staging.e-kaidi.net\/index.php?rest_route=%2Fwp%2Fv2%2Fcomments&post=67862"}],"version-history":[{"count":0,"href":"https:\/\/es.ambagn.staging.e-kaidi.net\/index.php?rest_route=\/wp\/v2\/posts\/67862\/revisions"}],"wp:attachment":[{"href":"https:\/\/es.ambagn.staging.e-kaidi.net\/index.php?rest_route=%2Fwp%2Fv2%2Fmedia&parent=67862"}],"wp:term":[{"taxonomy":"category","embeddable":true,"href":"https:\/\/es.ambagn.staging.e-kaidi.net\/index.php?rest_route=%2Fwp%2Fv2%2Fcategories&post=67862"},{"taxonomy":"post_tag","embeddable":true,"href":"https:\/\/es.ambagn.staging.e-kaidi.net\/index.php?rest_route=%2Fwp%2Fv2%2Ftags&post=67862"}],"curies":[{"name":"wp","href":"https:\/\/api.w.org\/{rel}","templated":true}]}}