{"id":63274,"date":"2023-10-25T01:19:48","date_gmt":"2023-10-24T23:19:48","guid":{"rendered":"https:\/\/es.ambagn.staging.e-kaidi.net\/?p=63274"},"modified":"2023-10-25T01:19:48","modified_gmt":"2023-10-24T23:19:48","slug":"edg-nzerekore-le-delegue-regional-dement-lachat-de-transformateurs-par-les-citoyens","status":"publish","type":"post","link":"https:\/\/es.ambagn.staging.e-kaidi.net\/?p=63274","title":{"rendered":"EDG N\u2019z\u00e9r\u00e9kor\u00e9 : le d\u00e9l\u00e9gu\u00e9 r\u00e9gional d\u00e9ment l\u2019achat de transformateurs par les citoyens"},"content":{"rendered":"<div>\n<div style=\"margin-bottom:20px;\"><img width=\"960\" height=\"720\"src=\"https:\/\/i0.wp.com\/mediaguinee.com\/wp-content\/uploads\/2023\/10\/395543071_984688665951421_2385681295224403296_n.jpg?w=960&amp;ssl=1\" class=\"attachment-post-thumbnail size-post-thumbnail wp-post-image\" alt=\"\" decoding=\"async\" srcset=\"https:\/\/i0.wp.com\/mediaguinee.com\/wp-content\/uploads\/2023\/10\/395543071_984688665951421_2385681295224403296_n.jpg?w=960&amp;ssl=1 960w, https:\/\/i0.wp.com\/mediaguinee.com\/wp-content\/uploads\/2023\/10\/395543071_984688665951421_2385681295224403296_n.jpg?resize=300%2C225&amp;ssl=1 300w, https:\/\/i0.wp.com\/mediaguinee.com\/wp-content\/uploads\/2023\/10\/395543071_984688665951421_2385681295224403296_n.jpg?resize=768%2C576&amp;ssl=1 768w, https:\/\/i0.wp.com\/mediaguinee.com\/wp-content\/uploads\/2023\/10\/395543071_984688665951421_2385681295224403296_n.jpg?resize=86%2C64&amp;ssl=1 86w\" sizes=\"(max-width: 960px) 100vw, 960px\" data-attachment-id=\"242656\" data-permalink=\"https:\/\/mediaguinee.com\/edg-nzerekore-le-delegue-regional-dement-lachat-de-transformateurs-par-les-citoyens\/395543071_984688665951421_2385681295224403296_n\/\" data-orig-file=\"https:\/\/i0.wp.com\/mediaguinee.com\/wp-content\/uploads\/2023\/10\/395543071_984688665951421_2385681295224403296_n.jpg?fit=960%2C720&amp;ssl=1\" data-orig-size=\"960,720\" data-comments-opened=\"1\" data-image-meta='{\"aperture\":\"0\",\"credit\":\"\",\"camera\":\"\",\"caption\":\"\",\"created_timestamp\":\"0\",\"copyright\":\"\",\"focal_length\":\"0\",\"iso\":\"0\",\"shutter_speed\":\"0\",\"title\":\"\",\"orientation\":\"1\"}' data-image-title=\"395543071_984688665951421_2385681295224403296_n\" data-image-description=\"\" data-image-caption=\"\" data-medium-file=\"https:\/\/i0.wp.com\/mediaguinee.com\/wp-content\/uploads\/2023\/10\/395543071_984688665951421_2385681295224403296_n.jpg?fit=300%2C225&amp;ssl=1\" data-large-file=\"https:\/\/i0.wp.com\/mediaguinee.com\/wp-content\/uploads\/2023\/10\/395543071_984688665951421_2385681295224403296_n.jpg?fit=960%2C720&amp;ssl=1\"><\/div>\n<p>Tout r\u00e9cemment, un site en ligne a donn\u00e9 la parole \u00e0 certains consommateurs de l\u2019\u00e9lectricit\u00e9 \u00e0 N\u2019z\u00e9r\u00e9kor\u00e9 qui ont accus\u00e9 le d\u00e9l\u00e9gu\u00e9 r\u00e9gional de l\u2019EDG qui aurait vendu les transformateurs. Des accusations qui sont fausses, selon le d\u00e9l\u00e9gu\u00e9 r\u00e9gional de l\u2019\u00e9lectricit\u00e9 de Guin\u00e9e, Fran\u00e7ois Kamano qui les qualifie d\u2019ailleurs d\u2019infond\u00e9es.<\/p>\n<p><em>\u00ab\u00a0Ce n\u2019est pas une r\u00e9alit\u00e9. C\u2019est des all\u00e9gations sans fondements. A l\u2019EDG, nous avons des principes. C\u2019est \u00e0 dire quand un client a une charge sup\u00e9rieure \u00e0 50 KVA,\u00a0on leur exige de prendre leur propre transformateur. C\u2019est pour cela des fois on voit souvent les priv\u00e9s avec les transfos, parce qu\u2019on \u00e9vite de les brancher sur les transfos publics.\u00a0 Parce qu\u2019en les branchant sur les transfos publics, on va perdre le transfo surtout \u00e0 N\u2019z\u00e9r\u00e9kor\u00e9 il n\u2019y a eu que des petits transfos de 50 KVA qui ont \u00e9t\u00e9 install\u00e9s dans la zone urbaine. Si\u00a0 \u00a0toi tu as une charge \u00e9gale ou sup\u00e9rieure \u00e0 50 KVA, tu risques de prendre tout le transfo. Pour ne pas perdre le transfo, on vous\u00a0oblige donc \u00e0 prendre votre propre transformateur. C\u2019est le cas de certaines stations, des institutions m\u00eame les d\u00e9p\u00f4ts du carburant, tous ceux qui ont leur propre transformateur. Mais par contre, cette politique ne concerne pas les citoyens ordinaires. C\u2019est EDG qui leur fournit les transformateurs. C\u2019est \u00e0 travers cette politique qu\u2019il y a de la stabilit\u00e9 dans l\u2019alimentation \u00e0 N\u2019z\u00e9r\u00e9kor\u00e9 aujourd\u2019hui<\/em><em>\u00a0\u00bb,<\/em> se d\u00e9fend le d\u00e9l\u00e9gu\u00e9 r\u00e9gional de l\u2019EDG.<\/p>\n<p>Par ailleurs, notre interlocuteur d\u00e9plore le manque de professionnalisme du journaliste qui aurait donn\u00e9 la parole \u00e0 certains citoyens sans venir recouper l\u2019information aupr\u00e8s de lui.<\/p>\n<p>Toutefois, il se r\u00e9serve le droit de porter plainte contre le journaliste en question. Il compte quand m\u00eame saisir les responsables des m\u00e9dias sur la diffamation dont il dit \u00e9tre victime.<\/p>\n<p><strong>Amara Souza Soumaoro, correspondant \u00e0 N\u2019z\u00e9r\u00e9kor\u00e9<\/strong><\/p>\n<p><strong>621- 94-17-77<\/strong><\/p>\n<p>L\u2019article <a rel=\"nofollow\" href=\"https:\/\/mediaguinee.com\/edg-nzerekore-le-delegue-regional-dement-lachat-de-transformateurs-par-les-citoyens\/\">EDG N\u2019z\u00e9r\u00e9kor\u00e9 : le d\u00e9l\u00e9gu\u00e9 r\u00e9gional d\u00e9ment l\u2019achat de transformateurs par les citoyens<\/a> est apparu en premier sur <a rel=\"nofollow\" href=\"https:\/\/mediaguinee.com\/\">Mediaguinee.com<\/a>.<\/p>\n<\/div>\n","protected":false},"excerpt":{"rendered":"<p>Tout r\u00e9cemment, un site en ligne a donn\u00e9 la parole \u00e0 certains consommateurs de l\u2019\u00e9lectricit\u00e9 \u00e0 N\u2019z\u00e9r\u00e9kor\u00e9 qui ont accus\u00e9 le d\u00e9l\u00e9gu\u00e9 r\u00e9gional de l\u2019EDG qui aurait vendu les transformateurs. Des accusations qui sont fausses, selon le d\u00e9l\u00e9gu\u00e9 r\u00e9gional de l\u2019\u00e9lectricit\u00e9 de Guin\u00e9e, Fran\u00e7ois Kamano qui les qualifie d\u2019ailleurs d\u2019infond\u00e9es. \u00ab\u00a0Ce n\u2019est pas une r\u00e9alit\u00e9. &hellip;<\/p>\n","protected":false},"author":1,"featured_media":0,"comment_status":"closed","ping_status":"closed","sticky":false,"template":"","format":"standard","meta":{"footnotes":""},"categories":[2],"tags":[23],"class_list":["post-63274","post","type-post","status-publish","format-standard","hentry","category-news","tag-mediaguinee"],"_links":{"self":[{"href":"https:\/\/es.ambagn.staging.e-kaidi.net\/index.php?rest_route=\/wp\/v2\/posts\/63274","targetHints":{"allow":["GET"]}}],"collection":[{"href":"https:\/\/es.ambagn.staging.e-kaidi.net\/index.php?rest_route=\/wp\/v2\/posts"}],"about":[{"href":"https:\/\/es.ambagn.staging.e-kaidi.net\/index.php?rest_route=\/wp\/v2\/types\/post"}],"author":[{"embeddable":true,"href":"https:\/\/es.ambagn.staging.e-kaidi.net\/index.php?rest_route=\/wp\/v2\/users\/1"}],"replies":[{"embeddable":true,"href":"https:\/\/es.ambagn.staging.e-kaidi.net\/index.php?rest_route=%2Fwp%2Fv2%2Fcomments&post=63274"}],"version-history":[{"count":0,"href":"https:\/\/es.ambagn.staging.e-kaidi.net\/index.php?rest_route=\/wp\/v2\/posts\/63274\/revisions"}],"wp:attachment":[{"href":"https:\/\/es.ambagn.staging.e-kaidi.net\/index.php?rest_route=%2Fwp%2Fv2%2Fmedia&parent=63274"}],"wp:term":[{"taxonomy":"category","embeddable":true,"href":"https:\/\/es.ambagn.staging.e-kaidi.net\/index.php?rest_route=%2Fwp%2Fv2%2Fcategories&post=63274"},{"taxonomy":"post_tag","embeddable":true,"href":"https:\/\/es.ambagn.staging.e-kaidi.net\/index.php?rest_route=%2Fwp%2Fv2%2Ftags&post=63274"}],"curies":[{"name":"wp","href":"https:\/\/api.w.org\/{rel}","templated":true}]}}