{"id":63052,"date":"2023-10-20T23:26:18","date_gmt":"2023-10-20T21:26:18","guid":{"rendered":"https:\/\/es.ambagn.staging.e-kaidi.net\/?p=63052"},"modified":"2023-10-20T23:26:18","modified_gmt":"2023-10-20T21:26:18","slug":"conakry-le-cfp-de-donka-baptise-au-nom-du-celebre-ecrivain-camara-laye","status":"publish","type":"post","link":"https:\/\/es.ambagn.staging.e-kaidi.net\/?p=63052","title":{"rendered":"Conakry: le CFP de Donka baptis\u00e9 au nom du c\u00e9l\u00e8bre \u00e9crivain Camara Laye"},"content":{"rendered":"<div>\n<div style=\"margin-bottom:20px;\"><img width=\"1920\" height=\"1280\"src=\"https:\/\/i0.wp.com\/mediaguinee.com\/wp-content\/uploads\/2023\/10\/IMG_7845.jpeg?w=1920&amp;ssl=1\" class=\"attachment-post-thumbnail size-post-thumbnail wp-post-image\" alt=\"\" decoding=\"async\" srcset=\"https:\/\/i0.wp.com\/mediaguinee.com\/wp-content\/uploads\/2023\/10\/IMG_7845.jpeg?w=1920&amp;ssl=1 1920w, https:\/\/i0.wp.com\/mediaguinee.com\/wp-content\/uploads\/2023\/10\/IMG_7845.jpeg?resize=300%2C200&amp;ssl=1 300w, https:\/\/i0.wp.com\/mediaguinee.com\/wp-content\/uploads\/2023\/10\/IMG_7845.jpeg?resize=1024%2C683&amp;ssl=1 1024w, https:\/\/i0.wp.com\/mediaguinee.com\/wp-content\/uploads\/2023\/10\/IMG_7845.jpeg?resize=768%2C512&amp;ssl=1 768w, https:\/\/i0.wp.com\/mediaguinee.com\/wp-content\/uploads\/2023\/10\/IMG_7845.jpeg?resize=1536%2C1024&amp;ssl=1 1536w\" sizes=\"(max-width: 1920px) 100vw, 1920px\" data-attachment-id=\"242330\" data-permalink=\"https:\/\/mediaguinee.com\/conakry-le-cfp-de-donka-baptise-au-nom-du-celebre-ecrivain-camara-laye\/img_7845\/\" data-orig-file=\"https:\/\/i0.wp.com\/mediaguinee.com\/wp-content\/uploads\/2023\/10\/IMG_7845.jpeg?fit=1920%2C1280&amp;ssl=1\" data-orig-size=\"1920,1280\" data-comments-opened=\"1\" data-image-meta='{\"aperture\":\"0\",\"credit\":\"\",\"camera\":\"\",\"caption\":\"\",\"created_timestamp\":\"0\",\"copyright\":\"\",\"focal_length\":\"0\",\"iso\":\"0\",\"shutter_speed\":\"0\",\"title\":\"\",\"orientation\":\"1\"}' data-image-title=\"IMG_7845\" data-image-description=\"\" data-image-caption=\"\" data-medium-file=\"https:\/\/i0.wp.com\/mediaguinee.com\/wp-content\/uploads\/2023\/10\/IMG_7845.jpeg?fit=300%2C200&amp;ssl=1\" data-large-file=\"https:\/\/i0.wp.com\/mediaguinee.com\/wp-content\/uploads\/2023\/10\/IMG_7845.jpeg?fit=1024%2C683&amp;ssl=1\"><\/div>\n<div dir=\"auto\">Cr\u00e9\u00e9e depuis 1950, le Centre de Formation Professionnel de Donka, accueillant six fili\u00e8res telles que: l\u2019\u00e9lectricit\u00e9 b\u00e2timent, plomberie sanitaire, la m\u00e9canique automobile, la ma\u00e7onnerie ordinaire, la soudure et la menuiserie, a connu une grande r\u00e9novation cette ann\u00e9e, une premi\u00e8re depuis sa cr\u00e9ation.<\/div>\n<div dir=\"auto\"><img decoding=\"async\" data-attachment-id=\"242341\" data-permalink=\"https:\/\/mediaguinee.com\/conakry-le-cfp-de-donka-baptise-au-nom-du-celebre-ecrivain-camara-laye\/img_7856\/\" data-orig-file=\"https:\/\/i0.wp.com\/mediaguinee.com\/wp-content\/uploads\/2023\/10\/IMG_7856.jpeg?fit=1920%2C1280&amp;ssl=1\" data-orig-size=\"1920,1280\" data-comments-opened=\"1\" data-image-meta='{\"aperture\":\"0\",\"credit\":\"\",\"camera\":\"\",\"caption\":\"\",\"created_timestamp\":\"0\",\"copyright\":\"\",\"focal_length\":\"0\",\"iso\":\"0\",\"shutter_speed\":\"0\",\"title\":\"\",\"orientation\":\"1\"}' data-image-title=\"IMG_7856\" data-image-description=\"\" data-image-caption=\"\" data-medium-file=\"https:\/\/i0.wp.com\/mediaguinee.com\/wp-content\/uploads\/2023\/10\/IMG_7856.jpeg?fit=300%2C200&amp;ssl=1\" data-large-file=\"https:\/\/i0.wp.com\/mediaguinee.com\/wp-content\/uploads\/2023\/10\/IMG_7856.jpeg?fit=1024%2C683&amp;ssl=1\" class=\"alignnone size-full wp-image-242341\"src=\"https:\/\/i0.wp.com\/mediaguinee.com\/wp-content\/uploads\/2023\/10\/IMG_7856.jpeg?w=1920&amp;ssl=1\" alt=\"\" width=\"1170\" height=\"780\" srcset=\"https:\/\/i0.wp.com\/mediaguinee.com\/wp-content\/uploads\/2023\/10\/IMG_7856.jpeg?w=1920&amp;ssl=1 1920w, https:\/\/i0.wp.com\/mediaguinee.com\/wp-content\/uploads\/2023\/10\/IMG_7856.jpeg?resize=300%2C200&amp;ssl=1 300w, https:\/\/i0.wp.com\/mediaguinee.com\/wp-content\/uploads\/2023\/10\/IMG_7856.jpeg?resize=1024%2C683&amp;ssl=1 1024w, https:\/\/i0.wp.com\/mediaguinee.com\/wp-content\/uploads\/2023\/10\/IMG_7856.jpeg?resize=768%2C512&amp;ssl=1 768w, https:\/\/i0.wp.com\/mediaguinee.com\/wp-content\/uploads\/2023\/10\/IMG_7856.jpeg?resize=1536%2C1024&amp;ssl=1 1536w\" sizes=\"(max-width: 1170px) 100vw, 1170px\" data-recalc-dims=\"1\"><\/div>\n<div dir=\"auto\"><img decoding=\"async\" data-attachment-id=\"242331\" data-permalink=\"https:\/\/mediaguinee.com\/conakry-le-cfp-de-donka-baptise-au-nom-du-celebre-ecrivain-camara-laye\/img_7855\/\" data-orig-file=\"https:\/\/i0.wp.com\/mediaguinee.com\/wp-content\/uploads\/2023\/10\/IMG_7855.jpeg?fit=1920%2C1280&amp;ssl=1\" data-orig-size=\"1920,1280\" data-comments-opened=\"1\" data-image-meta='{\"aperture\":\"0\",\"credit\":\"\",\"camera\":\"\",\"caption\":\"\",\"created_timestamp\":\"0\",\"copyright\":\"\",\"focal_length\":\"0\",\"iso\":\"0\",\"shutter_speed\":\"0\",\"title\":\"\",\"orientation\":\"1\"}' data-image-title=\"IMG_7855\" data-image-description=\"\" data-image-caption=\"\" data-medium-file=\"https:\/\/i0.wp.com\/mediaguinee.com\/wp-content\/uploads\/2023\/10\/IMG_7855.jpeg?fit=300%2C200&amp;ssl=1\" data-large-file=\"https:\/\/i0.wp.com\/mediaguinee.com\/wp-content\/uploads\/2023\/10\/IMG_7855.jpeg?fit=1024%2C683&amp;ssl=1\" class=\"alignnone size-full wp-image-242331\"src=\"https:\/\/i0.wp.com\/mediaguinee.com\/wp-content\/uploads\/2023\/10\/IMG_7855.jpeg?w=1920&amp;ssl=1\" alt=\"\" width=\"1170\" height=\"780\" srcset=\"https:\/\/i0.wp.com\/mediaguinee.com\/wp-content\/uploads\/2023\/10\/IMG_7855.jpeg?w=1920&amp;ssl=1 1920w, https:\/\/i0.wp.com\/mediaguinee.com\/wp-content\/uploads\/2023\/10\/IMG_7855.jpeg?resize=300%2C200&amp;ssl=1 300w, https:\/\/i0.wp.com\/mediaguinee.com\/wp-content\/uploads\/2023\/10\/IMG_7855.jpeg?resize=1024%2C683&amp;ssl=1 1024w, https:\/\/i0.wp.com\/mediaguinee.com\/wp-content\/uploads\/2023\/10\/IMG_7855.jpeg?resize=768%2C512&amp;ssl=1 768w, https:\/\/i0.wp.com\/mediaguinee.com\/wp-content\/uploads\/2023\/10\/IMG_7855.jpeg?resize=1536%2C1024&amp;ssl=1 1536w\" sizes=\"(max-width: 1170px) 100vw, 1170px\" data-recalc-dims=\"1\"><img decoding=\"async\" data-attachment-id=\"242332\" data-permalink=\"https:\/\/mediaguinee.com\/conakry-le-cfp-de-donka-baptise-au-nom-du-celebre-ecrivain-camara-laye\/img_7847\/\" data-orig-file=\"https:\/\/i0.wp.com\/mediaguinee.com\/wp-content\/uploads\/2023\/10\/IMG_7847.jpeg?fit=1920%2C1280&amp;ssl=1\" data-orig-size=\"1920,1280\" data-comments-opened=\"1\" data-image-meta='{\"aperture\":\"0\",\"credit\":\"\",\"camera\":\"\",\"caption\":\"\",\"created_timestamp\":\"0\",\"copyright\":\"\",\"focal_length\":\"0\",\"iso\":\"0\",\"shutter_speed\":\"0\",\"title\":\"\",\"orientation\":\"1\"}' data-image-title=\"IMG_7847\" data-image-description=\"\" data-image-caption=\"\" data-medium-file=\"https:\/\/i0.wp.com\/mediaguinee.com\/wp-content\/uploads\/2023\/10\/IMG_7847.jpeg?fit=300%2C200&amp;ssl=1\" data-large-file=\"https:\/\/i0.wp.com\/mediaguinee.com\/wp-content\/uploads\/2023\/10\/IMG_7847.jpeg?fit=1024%2C683&amp;ssl=1\" class=\"alignnone size-full wp-image-242332\"src=\"https:\/\/i0.wp.com\/mediaguinee.com\/wp-content\/uploads\/2023\/10\/IMG_7847.jpeg?w=1920&amp;ssl=1\" alt=\"\" width=\"1170\" height=\"780\" srcset=\"https:\/\/i0.wp.com\/mediaguinee.com\/wp-content\/uploads\/2023\/10\/IMG_7847.jpeg?w=1920&amp;ssl=1 1920w, https:\/\/i0.wp.com\/mediaguinee.com\/wp-content\/uploads\/2023\/10\/IMG_7847.jpeg?resize=300%2C200&amp;ssl=1 300w, https:\/\/i0.wp.com\/mediaguinee.com\/wp-content\/uploads\/2023\/10\/IMG_7847.jpeg?resize=1024%2C683&amp;ssl=1 1024w, https:\/\/i0.wp.com\/mediaguinee.com\/wp-content\/uploads\/2023\/10\/IMG_7847.jpeg?resize=768%2C512&amp;ssl=1 768w, https:\/\/i0.wp.com\/mediaguinee.com\/wp-content\/uploads\/2023\/10\/IMG_7847.jpeg?resize=1536%2C1024&amp;ssl=1 1536w\" sizes=\"(max-width: 1170px) 100vw, 1170px\" data-recalc-dims=\"1\"><img decoding=\"async\" data-attachment-id=\"242333\" data-permalink=\"https:\/\/mediaguinee.com\/conakry-le-cfp-de-donka-baptise-au-nom-du-celebre-ecrivain-camara-laye\/img_7846\/\" data-orig-file=\"https:\/\/i0.wp.com\/mediaguinee.com\/wp-content\/uploads\/2023\/10\/IMG_7846.jpeg?fit=1920%2C1280&amp;ssl=1\" data-orig-size=\"1920,1280\" data-comments-opened=\"1\" data-image-meta='{\"aperture\":\"0\",\"credit\":\"\",\"camera\":\"\",\"caption\":\"\",\"created_timestamp\":\"0\",\"copyright\":\"\",\"focal_length\":\"0\",\"iso\":\"0\",\"shutter_speed\":\"0\",\"title\":\"\",\"orientation\":\"1\"}' data-image-title=\"IMG_7846\" data-image-description=\"\" data-image-caption=\"\" data-medium-file=\"https:\/\/i0.wp.com\/mediaguinee.com\/wp-content\/uploads\/2023\/10\/IMG_7846.jpeg?fit=300%2C200&amp;ssl=1\" data-large-file=\"https:\/\/i0.wp.com\/mediaguinee.com\/wp-content\/uploads\/2023\/10\/IMG_7846.jpeg?fit=1024%2C683&amp;ssl=1\" class=\"alignnone size-full wp-image-242333\"src=\"https:\/\/i0.wp.com\/mediaguinee.com\/wp-content\/uploads\/2023\/10\/IMG_7846.jpeg?w=1920&amp;ssl=1\" alt=\"\" width=\"1170\" height=\"780\" srcset=\"https:\/\/i0.wp.com\/mediaguinee.com\/wp-content\/uploads\/2023\/10\/IMG_7846.jpeg?w=1920&amp;ssl=1 1920w, https:\/\/i0.wp.com\/mediaguinee.com\/wp-content\/uploads\/2023\/10\/IMG_7846.jpeg?resize=300%2C200&amp;ssl=1 300w, https:\/\/i0.wp.com\/mediaguinee.com\/wp-content\/uploads\/2023\/10\/IMG_7846.jpeg?resize=1024%2C683&amp;ssl=1 1024w, https:\/\/i0.wp.com\/mediaguinee.com\/wp-content\/uploads\/2023\/10\/IMG_7846.jpeg?resize=768%2C512&amp;ssl=1 768w, https:\/\/i0.wp.com\/mediaguinee.com\/wp-content\/uploads\/2023\/10\/IMG_7846.jpeg?resize=1536%2C1024&amp;ssl=1 1536w\" sizes=\"(max-width: 1170px) 100vw, 1170px\" data-recalc-dims=\"1\"><img decoding=\"async\" data-attachment-id=\"242334\" data-permalink=\"https:\/\/mediaguinee.com\/conakry-le-cfp-de-donka-baptise-au-nom-du-celebre-ecrivain-camara-laye\/img_7849\/\" data-orig-file=\"https:\/\/i0.wp.com\/mediaguinee.com\/wp-content\/uploads\/2023\/10\/IMG_7849.jpeg?fit=1920%2C1280&amp;ssl=1\" data-orig-size=\"1920,1280\" data-comments-opened=\"1\" data-image-meta='{\"aperture\":\"0\",\"credit\":\"\",\"camera\":\"\",\"caption\":\"\",\"created_timestamp\":\"0\",\"copyright\":\"\",\"focal_length\":\"0\",\"iso\":\"0\",\"shutter_speed\":\"0\",\"title\":\"\",\"orientation\":\"1\"}' data-image-title=\"IMG_7849\" data-image-description=\"\" data-image-caption=\"\" data-medium-file=\"https:\/\/i0.wp.com\/mediaguinee.com\/wp-content\/uploads\/2023\/10\/IMG_7849.jpeg?fit=300%2C200&amp;ssl=1\" data-large-file=\"https:\/\/i0.wp.com\/mediaguinee.com\/wp-content\/uploads\/2023\/10\/IMG_7849.jpeg?fit=1024%2C683&amp;ssl=1\" class=\"alignnone size-full wp-image-242334\"src=\"https:\/\/i0.wp.com\/mediaguinee.com\/wp-content\/uploads\/2023\/10\/IMG_7849.jpeg?w=1920&amp;ssl=1\" alt=\"\" width=\"1170\" height=\"780\" srcset=\"https:\/\/i0.wp.com\/mediaguinee.com\/wp-content\/uploads\/2023\/10\/IMG_7849.jpeg?w=1920&amp;ssl=1 1920w, https:\/\/i0.wp.com\/mediaguinee.com\/wp-content\/uploads\/2023\/10\/IMG_7849.jpeg?resize=300%2C200&amp;ssl=1 300w, https:\/\/i0.wp.com\/mediaguinee.com\/wp-content\/uploads\/2023\/10\/IMG_7849.jpeg?resize=1024%2C683&amp;ssl=1 1024w, https:\/\/i0.wp.com\/mediaguinee.com\/wp-content\/uploads\/2023\/10\/IMG_7849.jpeg?resize=768%2C512&amp;ssl=1 768w, https:\/\/i0.wp.com\/mediaguinee.com\/wp-content\/uploads\/2023\/10\/IMG_7849.jpeg?resize=1536%2C1024&amp;ssl=1 1536w\" sizes=\"(max-width: 1170px) 100vw, 1170px\" data-recalc-dims=\"1\"><img decoding=\"async\" data-attachment-id=\"242335\" data-permalink=\"https:\/\/mediaguinee.com\/conakry-le-cfp-de-donka-baptise-au-nom-du-celebre-ecrivain-camara-laye\/img_7851\/\" data-orig-file=\"https:\/\/i0.wp.com\/mediaguinee.com\/wp-content\/uploads\/2023\/10\/IMG_7851.jpeg?fit=1280%2C1920&amp;ssl=1\" data-orig-size=\"1280,1920\" data-comments-opened=\"1\" data-image-meta='{\"aperture\":\"0\",\"credit\":\"\",\"camera\":\"\",\"caption\":\"\",\"created_timestamp\":\"0\",\"copyright\":\"\",\"focal_length\":\"0\",\"iso\":\"0\",\"shutter_speed\":\"0\",\"title\":\"\",\"orientation\":\"1\"}' data-image-title=\"IMG_7851\" data-image-description=\"\" data-image-caption=\"\" data-medium-file=\"https:\/\/i0.wp.com\/mediaguinee.com\/wp-content\/uploads\/2023\/10\/IMG_7851.jpeg?fit=200%2C300&amp;ssl=1\" data-large-file=\"https:\/\/i0.wp.com\/mediaguinee.com\/wp-content\/uploads\/2023\/10\/IMG_7851.jpeg?fit=683%2C1024&amp;ssl=1\" class=\"alignnone size-full wp-image-242335\"src=\"https:\/\/i0.wp.com\/mediaguinee.com\/wp-content\/uploads\/2023\/10\/IMG_7851.jpeg?w=1280&amp;ssl=1\" alt=\"\" width=\"1170\" height=\"1755\" srcset=\"https:\/\/i0.wp.com\/mediaguinee.com\/wp-content\/uploads\/2023\/10\/IMG_7851.jpeg?w=1280&amp;ssl=1 1280w, https:\/\/i0.wp.com\/mediaguinee.com\/wp-content\/uploads\/2023\/10\/IMG_7851.jpeg?resize=200%2C300&amp;ssl=1 200w, https:\/\/i0.wp.com\/mediaguinee.com\/wp-content\/uploads\/2023\/10\/IMG_7851.jpeg?resize=683%2C1024&amp;ssl=1 683w, https:\/\/i0.wp.com\/mediaguinee.com\/wp-content\/uploads\/2023\/10\/IMG_7851.jpeg?resize=768%2C1152&amp;ssl=1 768w, https:\/\/i0.wp.com\/mediaguinee.com\/wp-content\/uploads\/2023\/10\/IMG_7851.jpeg?resize=1024%2C1536&amp;ssl=1 1024w\" sizes=\"(max-width: 1170px) 100vw, 1170px\" data-recalc-dims=\"1\"><img decoding=\"async\" data-attachment-id=\"242336\" data-permalink=\"https:\/\/mediaguinee.com\/conakry-le-cfp-de-donka-baptise-au-nom-du-celebre-ecrivain-camara-laye\/img_7850\/\" data-orig-file=\"https:\/\/i0.wp.com\/mediaguinee.com\/wp-content\/uploads\/2023\/10\/IMG_7850.jpeg?fit=1280%2C1920&amp;ssl=1\" data-orig-size=\"1280,1920\" data-comments-opened=\"1\" data-image-meta='{\"aperture\":\"0\",\"credit\":\"\",\"camera\":\"\",\"caption\":\"\",\"created_timestamp\":\"0\",\"copyright\":\"\",\"focal_length\":\"0\",\"iso\":\"0\",\"shutter_speed\":\"0\",\"title\":\"\",\"orientation\":\"1\"}' data-image-title=\"IMG_7850\" data-image-description=\"\" data-image-caption=\"\" data-medium-file=\"https:\/\/i0.wp.com\/mediaguinee.com\/wp-content\/uploads\/2023\/10\/IMG_7850.jpeg?fit=200%2C300&amp;ssl=1\" data-large-file=\"https:\/\/i0.wp.com\/mediaguinee.com\/wp-content\/uploads\/2023\/10\/IMG_7850.jpeg?fit=683%2C1024&amp;ssl=1\" class=\"alignnone size-full wp-image-242336\"src=\"https:\/\/i0.wp.com\/mediaguinee.com\/wp-content\/uploads\/2023\/10\/IMG_7850.jpeg?w=1280&amp;ssl=1\" alt=\"\" width=\"1170\" height=\"1755\" srcset=\"https:\/\/i0.wp.com\/mediaguinee.com\/wp-content\/uploads\/2023\/10\/IMG_7850.jpeg?w=1280&amp;ssl=1 1280w, https:\/\/i0.wp.com\/mediaguinee.com\/wp-content\/uploads\/2023\/10\/IMG_7850.jpeg?resize=200%2C300&amp;ssl=1 200w, https:\/\/i0.wp.com\/mediaguinee.com\/wp-content\/uploads\/2023\/10\/IMG_7850.jpeg?resize=683%2C1024&amp;ssl=1 683w, https:\/\/i0.wp.com\/mediaguinee.com\/wp-content\/uploads\/2023\/10\/IMG_7850.jpeg?resize=768%2C1152&amp;ssl=1 768w, https:\/\/i0.wp.com\/mediaguinee.com\/wp-content\/uploads\/2023\/10\/IMG_7850.jpeg?resize=1024%2C1536&amp;ssl=1 1024w\" sizes=\"(max-width: 1170px) 100vw, 1170px\" data-recalc-dims=\"1\"><img decoding=\"async\" data-attachment-id=\"242337\" data-permalink=\"https:\/\/mediaguinee.com\/conakry-le-cfp-de-donka-baptise-au-nom-du-celebre-ecrivain-camara-laye\/img_7848\/\" data-orig-file=\"https:\/\/i0.wp.com\/mediaguinee.com\/wp-content\/uploads\/2023\/10\/IMG_7848.jpeg?fit=1920%2C1280&amp;ssl=1\" data-orig-size=\"1920,1280\" data-comments-opened=\"1\" data-image-meta='{\"aperture\":\"0\",\"credit\":\"\",\"camera\":\"\",\"caption\":\"\",\"created_timestamp\":\"0\",\"copyright\":\"\",\"focal_length\":\"0\",\"iso\":\"0\",\"shutter_speed\":\"0\",\"title\":\"\",\"orientation\":\"1\"}' data-image-title=\"IMG_7848\" data-image-description=\"\" data-image-caption=\"\" data-medium-file=\"https:\/\/i0.wp.com\/mediaguinee.com\/wp-content\/uploads\/2023\/10\/IMG_7848.jpeg?fit=300%2C200&amp;ssl=1\" data-large-file=\"https:\/\/i0.wp.com\/mediaguinee.com\/wp-content\/uploads\/2023\/10\/IMG_7848.jpeg?fit=1024%2C683&amp;ssl=1\" class=\"alignnone size-full wp-image-242337\"src=\"https:\/\/i0.wp.com\/mediaguinee.com\/wp-content\/uploads\/2023\/10\/IMG_7848.jpeg?w=1920&amp;ssl=1\" alt=\"\" width=\"1170\" height=\"780\" srcset=\"https:\/\/i0.wp.com\/mediaguinee.com\/wp-content\/uploads\/2023\/10\/IMG_7848.jpeg?w=1920&amp;ssl=1 1920w, https:\/\/i0.wp.com\/mediaguinee.com\/wp-content\/uploads\/2023\/10\/IMG_7848.jpeg?resize=300%2C200&amp;ssl=1 300w, https:\/\/i0.wp.com\/mediaguinee.com\/wp-content\/uploads\/2023\/10\/IMG_7848.jpeg?resize=1024%2C683&amp;ssl=1 1024w, https:\/\/i0.wp.com\/mediaguinee.com\/wp-content\/uploads\/2023\/10\/IMG_7848.jpeg?resize=768%2C512&amp;ssl=1 768w, https:\/\/i0.wp.com\/mediaguinee.com\/wp-content\/uploads\/2023\/10\/IMG_7848.jpeg?resize=1536%2C1024&amp;ssl=1 1536w\" sizes=\"(max-width: 1170px) 100vw, 1170px\" data-recalc-dims=\"1\"><img decoding=\"async\" data-attachment-id=\"242338\" data-permalink=\"https:\/\/mediaguinee.com\/conakry-le-cfp-de-donka-baptise-au-nom-du-celebre-ecrivain-camara-laye\/img_7852\/\" data-orig-file=\"https:\/\/i0.wp.com\/mediaguinee.com\/wp-content\/uploads\/2023\/10\/IMG_7852.jpeg?fit=1920%2C1280&amp;ssl=1\" data-orig-size=\"1920,1280\" data-comments-opened=\"1\" data-image-meta='{\"aperture\":\"0\",\"credit\":\"\",\"camera\":\"\",\"caption\":\"\",\"created_timestamp\":\"0\",\"copyright\":\"\",\"focal_length\":\"0\",\"iso\":\"0\",\"shutter_speed\":\"0\",\"title\":\"\",\"orientation\":\"1\"}' data-image-title=\"IMG_7852\" data-image-description=\"\" data-image-caption=\"\" data-medium-file=\"https:\/\/i0.wp.com\/mediaguinee.com\/wp-content\/uploads\/2023\/10\/IMG_7852.jpeg?fit=300%2C200&amp;ssl=1\" data-large-file=\"https:\/\/i0.wp.com\/mediaguinee.com\/wp-content\/uploads\/2023\/10\/IMG_7852.jpeg?fit=1024%2C683&amp;ssl=1\" class=\"alignnone size-full wp-image-242338\"src=\"https:\/\/i0.wp.com\/mediaguinee.com\/wp-content\/uploads\/2023\/10\/IMG_7852.jpeg?w=1920&amp;ssl=1\" alt=\"\" width=\"1170\" height=\"780\" srcset=\"https:\/\/i0.wp.com\/mediaguinee.com\/wp-content\/uploads\/2023\/10\/IMG_7852.jpeg?w=1920&amp;ssl=1 1920w, https:\/\/i0.wp.com\/mediaguinee.com\/wp-content\/uploads\/2023\/10\/IMG_7852.jpeg?resize=300%2C200&amp;ssl=1 300w, https:\/\/i0.wp.com\/mediaguinee.com\/wp-content\/uploads\/2023\/10\/IMG_7852.jpeg?resize=1024%2C683&amp;ssl=1 1024w, https:\/\/i0.wp.com\/mediaguinee.com\/wp-content\/uploads\/2023\/10\/IMG_7852.jpeg?resize=768%2C512&amp;ssl=1 768w, https:\/\/i0.wp.com\/mediaguinee.com\/wp-content\/uploads\/2023\/10\/IMG_7852.jpeg?resize=1536%2C1024&amp;ssl=1 1536w\" sizes=\"(max-width: 1170px) 100vw, 1170px\" data-recalc-dims=\"1\"><img decoding=\"async\" data-attachment-id=\"242339\" data-permalink=\"https:\/\/mediaguinee.com\/conakry-le-cfp-de-donka-baptise-au-nom-du-celebre-ecrivain-camara-laye\/img_7854\/\" data-orig-file=\"https:\/\/i0.wp.com\/mediaguinee.com\/wp-content\/uploads\/2023\/10\/IMG_7854.jpeg?fit=1920%2C1280&amp;ssl=1\" data-orig-size=\"1920,1280\" data-comments-opened=\"1\" data-image-meta='{\"aperture\":\"0\",\"credit\":\"\",\"camera\":\"\",\"caption\":\"\",\"created_timestamp\":\"0\",\"copyright\":\"\",\"focal_length\":\"0\",\"iso\":\"0\",\"shutter_speed\":\"0\",\"title\":\"\",\"orientation\":\"1\"}' data-image-title=\"IMG_7854\" data-image-description=\"\" data-image-caption=\"\" data-medium-file=\"https:\/\/i0.wp.com\/mediaguinee.com\/wp-content\/uploads\/2023\/10\/IMG_7854.jpeg?fit=300%2C200&amp;ssl=1\" data-large-file=\"https:\/\/i0.wp.com\/mediaguinee.com\/wp-content\/uploads\/2023\/10\/IMG_7854.jpeg?fit=1024%2C683&amp;ssl=1\" class=\"alignnone size-full wp-image-242339\"src=\"https:\/\/i0.wp.com\/mediaguinee.com\/wp-content\/uploads\/2023\/10\/IMG_7854.jpeg?w=1920&amp;ssl=1\" alt=\"\" width=\"1170\" height=\"780\" srcset=\"https:\/\/i0.wp.com\/mediaguinee.com\/wp-content\/uploads\/2023\/10\/IMG_7854.jpeg?w=1920&amp;ssl=1 1920w, https:\/\/i0.wp.com\/mediaguinee.com\/wp-content\/uploads\/2023\/10\/IMG_7854.jpeg?resize=300%2C200&amp;ssl=1 300w, https:\/\/i0.wp.com\/mediaguinee.com\/wp-content\/uploads\/2023\/10\/IMG_7854.jpeg?resize=1024%2C683&amp;ssl=1 1024w, https:\/\/i0.wp.com\/mediaguinee.com\/wp-content\/uploads\/2023\/10\/IMG_7854.jpeg?resize=768%2C512&amp;ssl=1 768w, https:\/\/i0.wp.com\/mediaguinee.com\/wp-content\/uploads\/2023\/10\/IMG_7854.jpeg?resize=1536%2C1024&amp;ssl=1 1536w\" sizes=\"(max-width: 1170px) 100vw, 1170px\" data-recalc-dims=\"1\"><img decoding=\"async\" data-attachment-id=\"242340\" data-permalink=\"https:\/\/mediaguinee.com\/conakry-le-cfp-de-donka-baptise-au-nom-du-celebre-ecrivain-camara-laye\/img_7853\/\" data-orig-file=\"https:\/\/i0.wp.com\/mediaguinee.com\/wp-content\/uploads\/2023\/10\/IMG_7853.jpeg?fit=1280%2C1920&amp;ssl=1\" data-orig-size=\"1280,1920\" data-comments-opened=\"1\" data-image-meta='{\"aperture\":\"0\",\"credit\":\"\",\"camera\":\"\",\"caption\":\"\",\"created_timestamp\":\"0\",\"copyright\":\"\",\"focal_length\":\"0\",\"iso\":\"0\",\"shutter_speed\":\"0\",\"title\":\"\",\"orientation\":\"1\"}' data-image-title=\"IMG_7853\" data-image-description=\"\" data-image-caption=\"\" data-medium-file=\"https:\/\/i0.wp.com\/mediaguinee.com\/wp-content\/uploads\/2023\/10\/IMG_7853.jpeg?fit=200%2C300&amp;ssl=1\" data-large-file=\"https:\/\/i0.wp.com\/mediaguinee.com\/wp-content\/uploads\/2023\/10\/IMG_7853.jpeg?fit=683%2C1024&amp;ssl=1\" class=\"alignnone size-full wp-image-242340\"src=\"https:\/\/i0.wp.com\/mediaguinee.com\/wp-content\/uploads\/2023\/10\/IMG_7853.jpeg?w=1280&amp;ssl=1\" alt=\"\" width=\"1170\" height=\"1755\" srcset=\"https:\/\/i0.wp.com\/mediaguinee.com\/wp-content\/uploads\/2023\/10\/IMG_7853.jpeg?w=1280&amp;ssl=1 1280w, https:\/\/i0.wp.com\/mediaguinee.com\/wp-content\/uploads\/2023\/10\/IMG_7853.jpeg?resize=200%2C300&amp;ssl=1 200w, https:\/\/i0.wp.com\/mediaguinee.com\/wp-content\/uploads\/2023\/10\/IMG_7853.jpeg?resize=683%2C1024&amp;ssl=1 683w, https:\/\/i0.wp.com\/mediaguinee.com\/wp-content\/uploads\/2023\/10\/IMG_7853.jpeg?resize=768%2C1152&amp;ssl=1 768w, https:\/\/i0.wp.com\/mediaguinee.com\/wp-content\/uploads\/2023\/10\/IMG_7853.jpeg?resize=1024%2C1536&amp;ssl=1 1024w\" sizes=\"(max-width: 1170px) 100vw, 1170px\" data-recalc-dims=\"1\"><br \/>\n\u00c0 date, le centre compos\u00e9 de 6 salles de classes de tronc commun avec des ateliers disposant des technologies modernes, chacun peut accueillir jusqu\u2019\u00e0 900 \u00e9tudiants.<\/div>\n<div dir=\"auto\"><\/div>\n<div dir=\"auto\" data-removefontsize=\"true\" data-originalcomputedfontsize=\"16\">Ce vendredi 20 octobre, le Premier Ministre Chef du Gouvernement accompagn\u00e9 du ministre secr\u00e9taire g\u00e9n\u00e9ral \u00e0 la pr\u00e9sidence, du minist\u00e8re directeur de cabinet \u00e0 la pr\u00e9sidence de la R\u00e9publique, de Alpha Bacar Barry, ont effectu\u00e9 une visite au sein de ce centre d\u2019apprentissage moderne pour une visite guid\u00e9e. \u00c0 l\u2019occasion de cette c\u00e9r\u00e9monie, ils ont profit\u00e9 de l\u2019occasion pour baptiser le Centre de Formation Professionnelle de Donka, Centre de Formation Professionnel Camara Laye, l\u2019auteur du roman \u00ab\u00a0l\u2019Enfant Noir\u00a0\u00bb, qui fut un ancien \u00e9l\u00e8ve dudit centre.<\/div>\n<div dir=\"auto\"><\/div>\n<div dir=\"auto\" data-removefontsize=\"true\" data-originalcomputedfontsize=\"16\">\u00c0 la fin de la c\u00e9r\u00e9monie le Premier Ministre Chef du Gouvernement, Dr Bernard Goumou a dans une interview accord\u00e9e aux m\u00e9dias rappel\u00e9 les pr\u00e9rogatives du pr\u00e9sident de la transition et de son gouvernement. \u00ab\u00a0Nous ne sommes pas un gouvernement de promesse, c\u2019est \u00e7a la vison du Colonel Mamadi Doumbouya. Son instruction est tr\u00e8s claire, c\u2019est l\u2019am\u00e9lioration des conditions de vie de nos populations et la coh\u00e9sion sociale entre les Guin\u00e9ens. Je pense que la bonne voie de l\u2019am\u00e9lioration des conditions de vie de nos populations c\u2019est aussi l\u2019\u00e9ducation, parce que quand l\u2019\u00e9ducation est en marche\u00a0 c\u2019est le peuple qui est en marche et c\u2019est ce que nous sommes en train de faire. Nous sommes en droite ligne avec la vision du Pr\u00e9sident de la R\u00e9publique de la R\u00e9publique, Son excellence le Colonel Mamadi Doumbouya\u00a0\u00bb, a-t-il expliqu\u00e9, apr\u00e8s avoir plant\u00e9 des arbres \u00e0 la devanture des classes.<\/div>\n<div dir=\"auto\"><\/div>\n<div dir=\"auto\" data-removefontsize=\"true\" data-originalcomputedfontsize=\"16\">Poursuivant, le ministre de l\u2019enseignement technique de la formation professionnelle et de l\u2019emploi (METFPE) Alpha Bacar Barry explique la raison pour laquelle ce centre porte d\u00e9sormais le nom de Camara Laye.<\/div>\n<div dir=\"auto\"><\/div>\n<div dir=\"auto\" data-removefontsize=\"true\" data-originalcomputedfontsize=\"16\">\u00ab\u00a0Aujourd\u2019hui, nous allons baptiser votre \u00e9cole et vous avez remarqu\u00e9 que nous l\u2019avons baptis\u00e9 du nom de Camara Laye. Camara Laye est connu pour \u00eatre l\u2019auteur de l\u2019Enfant noir. Mais savez-vous dans quelle condition il a \u00e9crit l\u2019enfant Noir ? Camara Laye a quitt\u00e9 Kouroussa, il est venu \u00e0 Conakry. Et \u00e0 16 ans il a commenc\u00e9 a \u00e9tudier dans un centre de formation professionnelle qu\u2019on appelait Georges Poiret. Et vous savez c\u2019est o\u00f9 Georges Poiret? C\u2019est la o\u00f9 vous \u00eates arr\u00eat\u00e9s comme \u00e7a. Il a fait une \u00e9cole professionnelle ici et il a eu un CAP de m\u00e9canicien avant d\u2019aller \u00e0 l\u2019\u00e9tranger pour poursuivre ses \u00e9tudes. Et c\u2019est dans une autre \u00e9cole professionnelle qu\u2019il a pens\u00e9 \u00e0 \u00e9crire l\u2019Enfant noir, qui est le roman guin\u00e9en le plus lu, le plus traduit, le plus diss\u00e9min\u00e9 dans le monde. C\u2019est quelqu\u2019un qui vient de chez vous. C\u2019est quelqu\u2019un dont vous deviez vous inspirer et dont vous devez \u00eatre fiers.<\/div>\n<div dir=\"auto\"><\/div>\n<div dir=\"auto\"><\/div>\n<div dir=\"auto\" data-removefontsize=\"true\" data-originalcomputedfontsize=\"16\">Nous avons tenu \u00e0 lui donner le nom de cette \u00e9cole pour qu\u2019on puisse comprendre que ce n\u2019est pas parce qu\u2019on a fait une \u00e9cole professionnelle qu\u2019on est un citoyen de seconde zone, que de l\u2019\u00e9cole professionnelle, on peut \u00eatre l\u2019homme le plus c\u00e9l\u00e8bre de la Guin\u00e9e, l\u2019homme le plus lu du pays, l\u2019intellectuel le plus respect\u00e9 de Guin\u00e9e. Les \u00e9coles professionnelles de Guin\u00e9e ne sont pas des \u00e9coles de seconde chance. Ce sont les \u00e9coles de la premi\u00e8re chance pour aller vers un avenir rapide, vers un emploi rapide\u00a0\u00bb<\/div>\n<div dir=\"auto\"><\/div>\n<div dir=\"auto\" data-removefontsize=\"true\" data-originalcomputedfontsize=\"16\">Pour sa part le directeur du centre de formation professionnel de Donka Mamadou Oury Bah s\u2019est r\u00e9joui \u00e0 plus d\u2019un titre de cette r\u00e9novation dont les travaux ont avanc\u00e9 \u00e0 75%. \u00ab\u00a0Cette r\u00e9novation va booster les performances pour obtenir les meilleurs rendements possibles. Pendant le dernier examen de sortie session 2023, sur les 50 laur\u00e9ats, notre CFP a obtenu la moiti\u00e9 de ces laur\u00e9ats, cela d\u00e9note de l\u2019excellence de nos formations (\u2026) Ce CFP est un \u00ab\u00a0chantier \u00e9cole \u00a0\u00bb parce qu\u2019il a \u00e9t\u00e9 totalement r\u00e9nov\u00e9 par nos \u00e9l\u00e8ves et encadreurs, ce qui leur a permis d\u2019obtenir davantage de comp\u00e9tences. Chacun de ces \u00e9l\u00e8ves peut se d\u00e9brouiller tout seul sur le terrain d\u00e9sormais. Le syst\u00e8me chantier \u00e9cole est le meilleur syst\u00e8me pour la pratique, la th\u00e9orie et pour pouvoir affronter le march\u00e9 du travail\u00a0\u00bb a-t-il fait savoir avant formuler des dol\u00e9ances aupr\u00e8s des d\u00e9cideurs. \u00ab\u00a0Nous attendons l\u2019\u00e9quipement des ateliers sinon nous avons d\u00e9j\u00e0 les infrastructures pour pouvoir continuer \u00e0 former les \u00e9l\u00e8ves, les anciennes machines sont l\u00e0, mais les nouvelles vont nous permettre d\u2019augmenter nos performances. Nous sollicitons la fin des r\u00e9novations pour \u00e9quiper les ateliers parce que le travail d\u00e9j\u00e0 abattu est extraordinaire avec 75% d\u2019avancement\u00a0\u00bb .<\/div>\n<div dir=\"auto\"><\/div>\n<div dir=\"auto\"><b data-removefontsize=\"true\" data-originalcomputedfontsize=\"16\">Mamadou Yaya Barry\u00a0<\/b><\/div>\n<p>L\u2019article <a rel=\"nofollow\" href=\"https:\/\/mediaguinee.com\/conakry-le-cfp-de-donka-baptise-au-nom-du-celebre-ecrivain-camara-laye\/\">Conakry: le CFP de Donka baptis\u00e9 au nom du c\u00e9l\u00e8bre \u00e9crivain Camara Laye<\/a> est apparu en premier sur <a rel=\"nofollow\" href=\"https:\/\/mediaguinee.com\/\">Mediaguinee.com<\/a>.<\/p>\n<\/div>\n","protected":false},"excerpt":{"rendered":"<p>Cr\u00e9\u00e9e depuis 1950, le Centre de Formation Professionnel de Donka, accueillant six fili\u00e8res telles que: l\u2019\u00e9lectricit\u00e9 b\u00e2timent, plomberie sanitaire, la m\u00e9canique automobile, la ma\u00e7onnerie ordinaire, la soudure et la menuiserie, a connu une grande r\u00e9novation cette ann\u00e9e, une premi\u00e8re depuis sa cr\u00e9ation. \u00c0 date, le centre compos\u00e9 de 6 salles de classes de tronc commun &hellip;<\/p>\n","protected":false},"author":1,"featured_media":0,"comment_status":"closed","ping_status":"closed","sticky":false,"template":"","format":"standard","meta":{"footnotes":""},"categories":[2],"tags":[23],"class_list":["post-63052","post","type-post","status-publish","format-standard","hentry","category-news","tag-mediaguinee"],"_links":{"self":[{"href":"https:\/\/es.ambagn.staging.e-kaidi.net\/index.php?rest_route=\/wp\/v2\/posts\/63052","targetHints":{"allow":["GET"]}}],"collection":[{"href":"https:\/\/es.ambagn.staging.e-kaidi.net\/index.php?rest_route=\/wp\/v2\/posts"}],"about":[{"href":"https:\/\/es.ambagn.staging.e-kaidi.net\/index.php?rest_route=\/wp\/v2\/types\/post"}],"author":[{"embeddable":true,"href":"https:\/\/es.ambagn.staging.e-kaidi.net\/index.php?rest_route=\/wp\/v2\/users\/1"}],"replies":[{"embeddable":true,"href":"https:\/\/es.ambagn.staging.e-kaidi.net\/index.php?rest_route=%2Fwp%2Fv2%2Fcomments&post=63052"}],"version-history":[{"count":0,"href":"https:\/\/es.ambagn.staging.e-kaidi.net\/index.php?rest_route=\/wp\/v2\/posts\/63052\/revisions"}],"wp:attachment":[{"href":"https:\/\/es.ambagn.staging.e-kaidi.net\/index.php?rest_route=%2Fwp%2Fv2%2Fmedia&parent=63052"}],"wp:term":[{"taxonomy":"category","embeddable":true,"href":"https:\/\/es.ambagn.staging.e-kaidi.net\/index.php?rest_route=%2Fwp%2Fv2%2Fcategories&post=63052"},{"taxonomy":"post_tag","embeddable":true,"href":"https:\/\/es.ambagn.staging.e-kaidi.net\/index.php?rest_route=%2Fwp%2Fv2%2Ftags&post=63052"}],"curies":[{"name":"wp","href":"https:\/\/api.w.org\/{rel}","templated":true}]}}