{"id":62574,"date":"2023-10-13T23:02:32","date_gmt":"2023-10-13T21:02:32","guid":{"rendered":"https:\/\/es.ambagn.staging.e-kaidi.net\/?p=62574"},"modified":"2023-10-13T23:02:32","modified_gmt":"2023-10-13T21:02:32","slug":"bah-oury-sur-la-duree-de-la-transition-jy-crois-je-ne-suis-pas-quelquun-qui-va-dans-un-combat","status":"publish","type":"post","link":"https:\/\/es.ambagn.staging.e-kaidi.net\/?p=62574","title":{"rendered":"Bah Oury sur la dur\u00e9e de la transition : \u00ab j\u2019y crois, je ne suis pas quelqu\u2019un qui va dans un combat\u2026 \u00bb"},"content":{"rendered":"<div>\n<div style=\"margin-bottom:20px;\"><img width=\"960\" height=\"540\"src=\"https:\/\/i0.wp.com\/mediaguinee.com\/wp-content\/uploads\/2023\/08\/bah-oury.jpg?w=960&amp;ssl=1\" class=\"attachment-post-thumbnail size-post-thumbnail wp-post-image\" alt=\"\" decoding=\"async\" srcset=\"https:\/\/i0.wp.com\/mediaguinee.com\/wp-content\/uploads\/2023\/08\/bah-oury.jpg?w=960&amp;ssl=1 960w, https:\/\/i0.wp.com\/mediaguinee.com\/wp-content\/uploads\/2023\/08\/bah-oury.jpg?resize=300%2C169&amp;ssl=1 300w, https:\/\/i0.wp.com\/mediaguinee.com\/wp-content\/uploads\/2023\/08\/bah-oury.jpg?resize=768%2C432&amp;ssl=1 768w\" sizes=\"(max-width: 960px) 100vw, 960px\" data-attachment-id=\"236002\" data-permalink=\"https:\/\/mediaguinee.com\/putsch-au-niger-cest-un-coup-de-poignard-contre-la-democratie-en-afrique-bah-oury\/bah-oury-24\/\" data-orig-file=\"https:\/\/i0.wp.com\/mediaguinee.com\/wp-content\/uploads\/2023\/08\/bah-oury.jpg?fit=960%2C540&amp;ssl=1\" data-orig-size=\"960,540\" data-comments-opened=\"1\" data-image-meta='{\"aperture\":\"0\",\"credit\":\"\",\"camera\":\"\",\"caption\":\"\",\"created_timestamp\":\"0\",\"copyright\":\"\",\"focal_length\":\"0\",\"iso\":\"0\",\"shutter_speed\":\"0\",\"title\":\"\",\"orientation\":\"1\"}' data-image-title=\"bah oury\" data-image-description=\"\" data-image-caption=\"\" data-medium-file=\"https:\/\/i0.wp.com\/mediaguinee.com\/wp-content\/uploads\/2023\/08\/bah-oury.jpg?fit=300%2C169&amp;ssl=1\" data-large-file=\"https:\/\/i0.wp.com\/mediaguinee.com\/wp-content\/uploads\/2023\/08\/bah-oury.jpg?fit=960%2C540&amp;ssl=1\"><\/div>\n<p>Invit\u00e9 ce vendredi 13 octobre, dans l\u2019\u00e9mission \u00ab\u00a0Mirador\u00a0\u00bb de \u00ab\u00a0FIM FM \u00ab\u00a0, Bah Oury, pr\u00e9sident du parti UDRG, a parl\u00e9 de plusieurs sujets. Sur la question de savoir est-ce que le retour \u00e0 l\u2019ordre constitutionnel est toujours envisageable \u00e0 l\u2019horizon 2024 ? L\u2019ex-vice-pr\u00e9sident de l\u2019UFDG r\u00e9pond : \u00ab\u00a0Vous savez qu\u2019il y a beaucoup de campagnes bien avant m\u00eame que le chronogramme, qu\u2019on commence \u00e0 l\u2019acter, il y a des gens qui disaient, ils ne veulent pas aller dans ce sens. Donc laissons \u00e7a de c\u00f4t\u00e9. Actuellement, d\u2019apr\u00e8s les informations que j\u2019ai, je n\u2019ai pas v\u00e9rifi\u00e9 puisque c\u2019est des informations d\u2019autorit\u00e9s bien entendu, par rapport au RAVEC (recensement administratif \u00e0 vocation d\u2019\u00e9tat civil), il y a, selon cette autorit\u00e9, plus de quatre millions cinq cent mille Guin\u00e9ens qui sont d\u00e9j\u00e0 dans le fichier d\u2019\u00e9tat civil et \u00e7a c\u2019est quelque chose d\u2019extr\u00eamement important, dans le cadre de la mission test. Donc cela veut dire qu\u2019il y a un aspect de la mise en \u0153uvre du RAVEC qui est d\u00e9j\u00e0 disponible du point de vue avanc\u00e9es (\u2026) Maintenant, les populations rurales, les populations de l\u2019\u00e9tranger ne sont pas encore prises en compte. Et l\u00e0 il faudrait que l\u2019\u00e9quipe puisse se d\u00e9ployer et l\u00e0, semblerait-il que m\u00eame une partie du parc de la logique, comme les v\u00e9hicules, est d\u00e9j\u00e0 en place.<\/p>\n<p>Donc c\u2019est pour vous dire qu\u2019il y a des choses que les autorit\u00e9s devaient communiquer pour indiquer \u00e0 la population ce qui est en train d\u2019\u00eatre fait. \u00c7a c\u2019est un. Donc le RAVEC, est en partie largement entam\u00e9\u00a0\u00bb, a-t-il avanc\u00e9 avant de poursuivre par ceci : \u00ab\u00a0Pour le projet constitutionnel, l\u00e0 aussi on peut dire que c\u2019est pratiquement termin\u00e9. Donc cela veut dire en fait, apr\u00e8s qu\u2019est-ce qui reste des \u00e9l\u00e9ments du chronogramme ? C\u2019est les questions de r\u00e9f\u00e9rendum, \u00e9lections communales et \u00e9lections l\u00e9gislatives et la pr\u00e9sidentielle fondamentalement. Donc l\u2019\u00e9l\u00e9ment qui est indispensable, c\u2019est finir avec le RAVEC pour extraire de ce fichier d\u2019\u00e9tat civil, pour que \u00e7a puisse \u00eatre mis en \u0153uvre et les deux aspects sont li\u00e9s. Et cela veut dire qu\u2019on peut \u00eatre dans les d\u00e9lais dans la mesure o\u00f9, d\u2019ici la fin de l\u2019ann\u00e9e, que le processus pour le RAVEC soit termin\u00e9 pour que le processus pour le fichier \u00e9lectoral soit entam\u00e9 pour que nous puissions \u00eatre dans les d\u00e9lais. Et j\u2019y crois, je ne suis pas quelqu\u2019un qui va dans un combat en disant que le combat est perdu d\u2019avance. M\u00eame s\u2019il y a des contraintes, il faut lever ces contraintes, discuter, \u00e9changer et c\u2019est \u00e7a l\u2019intelligence politique\u00a0\u00bb.<\/p>\n<p><strong>Christine Finda Kamano<\/strong><\/p>\n<p><strong>622 716906<\/strong><\/p>\n<p><strong>\u00a0<\/strong><\/p>\n<p>\u00a0<\/p>\n<p>\u00a0<\/p>\n<p>L\u2019article <a rel=\"nofollow\" href=\"https:\/\/mediaguinee.com\/bah-oury-sur-la-duree-de-la-duree-de-la-transition-jy-crois-je-ne-suis-pas-quelquun-qui-va-dans-un-combat\/\">Bah Oury sur la dur\u00e9e de la transition : \u00ab j\u2019y crois, je ne suis pas quelqu\u2019un qui va dans un combat\u2026 \u00bb<\/a> est apparu en premier sur <a rel=\"nofollow\" href=\"https:\/\/mediaguinee.com\/\">Mediaguinee.com<\/a>.<\/p>\n<\/div>\n","protected":false},"excerpt":{"rendered":"<p>Invit\u00e9 ce vendredi 13 octobre, dans l\u2019\u00e9mission \u00ab\u00a0Mirador\u00a0\u00bb de \u00ab\u00a0FIM FM \u00ab\u00a0, Bah Oury, pr\u00e9sident du parti UDRG, a parl\u00e9 de plusieurs sujets. Sur la question de savoir est-ce que le retour \u00e0 l\u2019ordre constitutionnel est toujours envisageable \u00e0 l\u2019horizon 2024 ? L\u2019ex-vice-pr\u00e9sident de l\u2019UFDG r\u00e9pond : \u00ab\u00a0Vous savez qu\u2019il y a beaucoup de campagnes &hellip;<\/p>\n","protected":false},"author":1,"featured_media":0,"comment_status":"closed","ping_status":"closed","sticky":false,"template":"","format":"standard","meta":{"footnotes":""},"categories":[2],"tags":[23],"class_list":["post-62574","post","type-post","status-publish","format-standard","hentry","category-news","tag-mediaguinee"],"_links":{"self":[{"href":"https:\/\/es.ambagn.staging.e-kaidi.net\/index.php?rest_route=\/wp\/v2\/posts\/62574","targetHints":{"allow":["GET"]}}],"collection":[{"href":"https:\/\/es.ambagn.staging.e-kaidi.net\/index.php?rest_route=\/wp\/v2\/posts"}],"about":[{"href":"https:\/\/es.ambagn.staging.e-kaidi.net\/index.php?rest_route=\/wp\/v2\/types\/post"}],"author":[{"embeddable":true,"href":"https:\/\/es.ambagn.staging.e-kaidi.net\/index.php?rest_route=\/wp\/v2\/users\/1"}],"replies":[{"embeddable":true,"href":"https:\/\/es.ambagn.staging.e-kaidi.net\/index.php?rest_route=%2Fwp%2Fv2%2Fcomments&post=62574"}],"version-history":[{"count":0,"href":"https:\/\/es.ambagn.staging.e-kaidi.net\/index.php?rest_route=\/wp\/v2\/posts\/62574\/revisions"}],"wp:attachment":[{"href":"https:\/\/es.ambagn.staging.e-kaidi.net\/index.php?rest_route=%2Fwp%2Fv2%2Fmedia&parent=62574"}],"wp:term":[{"taxonomy":"category","embeddable":true,"href":"https:\/\/es.ambagn.staging.e-kaidi.net\/index.php?rest_route=%2Fwp%2Fv2%2Fcategories&post=62574"},{"taxonomy":"post_tag","embeddable":true,"href":"https:\/\/es.ambagn.staging.e-kaidi.net\/index.php?rest_route=%2Fwp%2Fv2%2Ftags&post=62574"}],"curies":[{"name":"wp","href":"https:\/\/api.w.org\/{rel}","templated":true}]}}