{"id":62487,"date":"2023-10-12T23:58:27","date_gmt":"2023-10-12T21:58:27","guid":{"rendered":"https:\/\/es.ambagn.staging.e-kaidi.net\/?p=62487"},"modified":"2023-10-12T23:58:27","modified_gmt":"2023-10-12T21:58:27","slug":"tirage-au-sort-can-2023-la-guinee-dans-le-groupe-c-avec-le-senegal-et-le-cameroun","status":"publish","type":"post","link":"https:\/\/es.ambagn.staging.e-kaidi.net\/?p=62487","title":{"rendered":"Tirage au sort CAN 2023 : la Guin\u00e9e dans le Groupe C avec le S\u00e9n\u00e9gal et le Cameroun"},"content":{"rendered":"<div>\n<div style=\"margin-bottom:20px;\"><img width=\"987\" height=\"717\"src=\"https:\/\/i0.wp.com\/mediaguinee.com\/wp-content\/uploads\/2023\/10\/Screenshot_20230930_103348_Facebook-2.jpg?w=987&amp;ssl=1\" class=\"attachment-post-thumbnail size-post-thumbnail wp-post-image\" alt=\"\" decoding=\"async\" srcset=\"https:\/\/i0.wp.com\/mediaguinee.com\/wp-content\/uploads\/2023\/10\/Screenshot_20230930_103348_Facebook-2.jpg?w=987&amp;ssl=1 987w, https:\/\/i0.wp.com\/mediaguinee.com\/wp-content\/uploads\/2023\/10\/Screenshot_20230930_103348_Facebook-2.jpg?resize=300%2C218&amp;ssl=1 300w, https:\/\/i0.wp.com\/mediaguinee.com\/wp-content\/uploads\/2023\/10\/Screenshot_20230930_103348_Facebook-2.jpg?resize=768%2C558&amp;ssl=1 768w\" sizes=\"(max-width: 987px) 100vw, 987px\" data-attachment-id=\"241636\" data-permalink=\"https:\/\/mediaguinee.com\/tirage-au-sort-can-2023-la-guinee-dans-le-groupe-c-avec-le-senegal-et-le-cameroun\/screenshot_20230930_103348_facebook-4\/\" data-orig-file=\"https:\/\/i0.wp.com\/mediaguinee.com\/wp-content\/uploads\/2023\/10\/Screenshot_20230930_103348_Facebook-2.jpg?fit=987%2C717&amp;ssl=1\" data-orig-size=\"987,717\" data-comments-opened=\"1\" data-image-meta='{\"aperture\":\"0\",\"credit\":\"\",\"camera\":\"\",\"caption\":\"\",\"created_timestamp\":\"0\",\"copyright\":\"\",\"focal_length\":\"0\",\"iso\":\"0\",\"shutter_speed\":\"0\",\"title\":\"\",\"orientation\":\"1\"}' data-image-title=\"Screenshot_20230930_103348_Facebook\" data-image-description=\"\" data-image-caption=\"\" data-medium-file=\"https:\/\/i0.wp.com\/mediaguinee.com\/wp-content\/uploads\/2023\/10\/Screenshot_20230930_103348_Facebook-2.jpg?fit=300%2C218&amp;ssl=1\" data-large-file=\"https:\/\/i0.wp.com\/mediaguinee.com\/wp-content\/uploads\/2023\/10\/Screenshot_20230930_103348_Facebook-2.jpg?fit=987%2C717&amp;ssl=1\"><\/div>\n<p>La Conf\u00e9d\u00e9ration Africaine de Football (CAF) a proc\u00e9d\u00e9 ce jeudi, au tirage au sort des phases de groupes de la 34<sup>\u00e8me<\/sup> \u00e9dition de la Coupe d\u2019Afrique des Nations (2023), au palais des expositions d\u2019Abidjan, en C\u00f4te-d\u2019Ivoire. C\u2019\u00e9tait en pr\u00e9sence de Dr David Motsepe, pr\u00e9sident de la CAF et de plusieurs invit\u00e9s.<\/p>\n<p>Les 24 pays qualifi\u00e9s \u00e0 la biennale du football africain connaissent d\u00e9sormais leurs adversaires du premier tour de la comp\u00e9tition.<\/p>\n<p>\u00a0<\/p>\n<p>Issue du Pot 3, le Syli national de Guin\u00e9e a h\u00e9rit\u00e9 du Groupe C compos\u00e9 du S\u00e9n\u00e9gal, du Cameroun, de la Guin\u00e9e et de la Gambie.<\/p>\n<p>\u00a0<\/p>\n<p>Les phases finales de la 34<sup>\u00e8me<\/sup> \u00e9dition de la Coupe d\u2019Afrique des Nations se d\u00e9rouleront en C\u00f4te-d\u2019Ivoire, entre Janvier et F\u00e9vrier 2024.<\/p>\n<p>\u00a0<\/p>\n<p><strong>Mamadou Ba<\/strong><\/p>\n<p>L\u2019article <a rel=\"nofollow\" href=\"https:\/\/mediaguinee.com\/tirage-au-sort-can-2023-la-guinee-dans-le-groupe-c-avec-le-senegal-et-le-cameroun\/\">Tirage au sort CAN 2023 : la Guin\u00e9e dans le Groupe C avec le S\u00e9n\u00e9gal et le Cameroun<\/a> est apparu en premier sur <a rel=\"nofollow\" href=\"https:\/\/mediaguinee.com\/\">Mediaguinee.com<\/a>.<\/p>\n<\/div>\n","protected":false},"excerpt":{"rendered":"<p>La Conf\u00e9d\u00e9ration Africaine de Football (CAF) a proc\u00e9d\u00e9 ce jeudi, au tirage au sort des phases de groupes de la 34\u00e8me \u00e9dition de la Coupe d\u2019Afrique des Nations (2023), au palais des expositions d\u2019Abidjan, en C\u00f4te-d\u2019Ivoire. C\u2019\u00e9tait en pr\u00e9sence de Dr David Motsepe, pr\u00e9sident de la CAF et de plusieurs invit\u00e9s. Les 24 pays qualifi\u00e9s &hellip;<\/p>\n","protected":false},"author":1,"featured_media":0,"comment_status":"closed","ping_status":"closed","sticky":false,"template":"","format":"standard","meta":{"footnotes":""},"categories":[2],"tags":[23],"class_list":["post-62487","post","type-post","status-publish","format-standard","hentry","category-news","tag-mediaguinee"],"_links":{"self":[{"href":"https:\/\/es.ambagn.staging.e-kaidi.net\/index.php?rest_route=\/wp\/v2\/posts\/62487","targetHints":{"allow":["GET"]}}],"collection":[{"href":"https:\/\/es.ambagn.staging.e-kaidi.net\/index.php?rest_route=\/wp\/v2\/posts"}],"about":[{"href":"https:\/\/es.ambagn.staging.e-kaidi.net\/index.php?rest_route=\/wp\/v2\/types\/post"}],"author":[{"embeddable":true,"href":"https:\/\/es.ambagn.staging.e-kaidi.net\/index.php?rest_route=\/wp\/v2\/users\/1"}],"replies":[{"embeddable":true,"href":"https:\/\/es.ambagn.staging.e-kaidi.net\/index.php?rest_route=%2Fwp%2Fv2%2Fcomments&post=62487"}],"version-history":[{"count":0,"href":"https:\/\/es.ambagn.staging.e-kaidi.net\/index.php?rest_route=\/wp\/v2\/posts\/62487\/revisions"}],"wp:attachment":[{"href":"https:\/\/es.ambagn.staging.e-kaidi.net\/index.php?rest_route=%2Fwp%2Fv2%2Fmedia&parent=62487"}],"wp:term":[{"taxonomy":"category","embeddable":true,"href":"https:\/\/es.ambagn.staging.e-kaidi.net\/index.php?rest_route=%2Fwp%2Fv2%2Fcategories&post=62487"},{"taxonomy":"post_tag","embeddable":true,"href":"https:\/\/es.ambagn.staging.e-kaidi.net\/index.php?rest_route=%2Fwp%2Fv2%2Ftags&post=62487"}],"curies":[{"name":"wp","href":"https:\/\/api.w.org\/{rel}","templated":true}]}}