{"id":62195,"date":"2023-10-09T23:22:03","date_gmt":"2023-10-09T21:22:03","guid":{"rendered":"https:\/\/es.ambagn.staging.e-kaidi.net\/?p=62195"},"modified":"2023-10-09T23:22:03","modified_gmt":"2023-10-09T21:22:03","slug":"enseignement-technique-ouverture-des-classes-les-promesses-du-ministre-alpha-bacar-barry","status":"publish","type":"post","link":"https:\/\/es.ambagn.staging.e-kaidi.net\/?p=62195","title":{"rendered":"Enseignement Technique\/Ouverture des classes: les promesses du ministre Alpha Bacar Barry"},"content":{"rendered":"<div>\n<div style=\"margin-bottom:20px;\"><img width=\"720\" height=\"480\"src=\"https:\/\/i0.wp.com\/mediaguinee.com\/wp-content\/uploads\/2023\/10\/IMG_7388.jpeg?w=720&amp;ssl=1\" class=\"attachment-post-thumbnail size-post-thumbnail wp-post-image\" alt=\"\" decoding=\"async\" srcset=\"https:\/\/i0.wp.com\/mediaguinee.com\/wp-content\/uploads\/2023\/10\/IMG_7388.jpeg?w=720&amp;ssl=1 720w, https:\/\/i0.wp.com\/mediaguinee.com\/wp-content\/uploads\/2023\/10\/IMG_7388.jpeg?resize=300%2C200&amp;ssl=1 300w\" sizes=\"(max-width: 720px) 100vw, 720px\" data-attachment-id=\"241269\" data-permalink=\"https:\/\/mediaguinee.com\/enseignement-technique-ouverture-des-classes-les-promesses-du-ministre-alpha-bacar-barry\/img_7388\/\" data-orig-file=\"https:\/\/i0.wp.com\/mediaguinee.com\/wp-content\/uploads\/2023\/10\/IMG_7388.jpeg?fit=720%2C480&amp;ssl=1\" data-orig-size=\"720,480\" data-comments-opened=\"1\" data-image-meta='{\"aperture\":\"0\",\"credit\":\"\",\"camera\":\"\",\"caption\":\"\",\"created_timestamp\":\"0\",\"copyright\":\"\",\"focal_length\":\"0\",\"iso\":\"0\",\"shutter_speed\":\"0\",\"title\":\"\",\"orientation\":\"1\"}' data-image-title=\"IMG_7388\" data-image-description=\"\" data-image-caption=\"\" data-medium-file=\"https:\/\/i0.wp.com\/mediaguinee.com\/wp-content\/uploads\/2023\/10\/IMG_7388.jpeg?fit=300%2C200&amp;ssl=1\" data-large-file=\"https:\/\/i0.wp.com\/mediaguinee.com\/wp-content\/uploads\/2023\/10\/IMG_7388.jpeg?fit=720%2C480&amp;ssl=1\"><\/div>\n<div dir=\"auto\">Apr\u00e8s 3 mois de vacances, le Minist\u00e8re de l\u2019Enseignement Technique, de la Formation professionnelle et de l\u2019Emploi (METFPE) a proc\u00e9d\u00e9, ce lundi 08 octobre 2023, \u00e0 l\u2019ouverture des classes et le d\u00e9marrage des cours au compte l\u2019ann\u00e9e acad\u00e9mique 2023-2024.<\/div>\n<div dir=\"auto\"><img decoding=\"async\" data-attachment-id=\"241277\" data-permalink=\"https:\/\/mediaguinee.com\/enseignement-technique-ouverture-des-classes-les-promesses-du-ministre-alpha-bacar-barry\/img_7396\/\" data-orig-file=\"https:\/\/i0.wp.com\/mediaguinee.com\/wp-content\/uploads\/2023\/10\/IMG_7396.jpeg?fit=1080%2C608&amp;ssl=1\" data-orig-size=\"1080,608\" data-comments-opened=\"1\" data-image-meta='{\"aperture\":\"0\",\"credit\":\"\",\"camera\":\"\",\"caption\":\"\",\"created_timestamp\":\"0\",\"copyright\":\"\",\"focal_length\":\"0\",\"iso\":\"0\",\"shutter_speed\":\"0\",\"title\":\"\",\"orientation\":\"1\"}' data-image-title=\"IMG_7396\" data-image-description=\"\" data-image-caption=\"\" data-medium-file=\"https:\/\/i0.wp.com\/mediaguinee.com\/wp-content\/uploads\/2023\/10\/IMG_7396.jpeg?fit=300%2C169&amp;ssl=1\" data-large-file=\"https:\/\/i0.wp.com\/mediaguinee.com\/wp-content\/uploads\/2023\/10\/IMG_7396.jpeg?fit=1024%2C576&amp;ssl=1\" class=\"alignnone size-full wp-image-241277\"src=\"https:\/\/i0.wp.com\/mediaguinee.com\/wp-content\/uploads\/2023\/10\/IMG_7396.jpeg?w=1080&amp;ssl=1\" alt=\"\" width=\"1080\" height=\"608\" srcset=\"https:\/\/i0.wp.com\/mediaguinee.com\/wp-content\/uploads\/2023\/10\/IMG_7396.jpeg?w=1080&amp;ssl=1 1080w, https:\/\/i0.wp.com\/mediaguinee.com\/wp-content\/uploads\/2023\/10\/IMG_7396.jpeg?resize=300%2C169&amp;ssl=1 300w, https:\/\/i0.wp.com\/mediaguinee.com\/wp-content\/uploads\/2023\/10\/IMG_7396.jpeg?resize=1024%2C576&amp;ssl=1 1024w, https:\/\/i0.wp.com\/mediaguinee.com\/wp-content\/uploads\/2023\/10\/IMG_7396.jpeg?resize=768%2C432&amp;ssl=1 768w\" sizes=\"(max-width: 1080px) 100vw, 1080px\" data-recalc-dims=\"1\"><img decoding=\"async\" data-attachment-id=\"241278\" data-permalink=\"https:\/\/mediaguinee.com\/enseignement-technique-ouverture-des-classes-les-promesses-du-ministre-alpha-bacar-barry\/img_7397\/\" data-orig-file=\"https:\/\/i0.wp.com\/mediaguinee.com\/wp-content\/uploads\/2023\/10\/IMG_7397.jpeg?fit=720%2C480&amp;ssl=1\" data-orig-size=\"720,480\" data-comments-opened=\"1\" data-image-meta='{\"aperture\":\"0\",\"credit\":\"\",\"camera\":\"\",\"caption\":\"\",\"created_timestamp\":\"0\",\"copyright\":\"\",\"focal_length\":\"0\",\"iso\":\"0\",\"shutter_speed\":\"0\",\"title\":\"\",\"orientation\":\"1\"}' data-image-title=\"IMG_7397\" data-image-description=\"\" data-image-caption=\"\" data-medium-file=\"https:\/\/i0.wp.com\/mediaguinee.com\/wp-content\/uploads\/2023\/10\/IMG_7397.jpeg?fit=300%2C200&amp;ssl=1\" data-large-file=\"https:\/\/i0.wp.com\/mediaguinee.com\/wp-content\/uploads\/2023\/10\/IMG_7397.jpeg?fit=720%2C480&amp;ssl=1\" class=\"alignnone size-full wp-image-241278\"src=\"https:\/\/i0.wp.com\/mediaguinee.com\/wp-content\/uploads\/2023\/10\/IMG_7397.jpeg?w=720&amp;ssl=1\" alt=\"\" width=\"720\" height=\"480\" srcset=\"https:\/\/i0.wp.com\/mediaguinee.com\/wp-content\/uploads\/2023\/10\/IMG_7397.jpeg?w=720&amp;ssl=1 720w, https:\/\/i0.wp.com\/mediaguinee.com\/wp-content\/uploads\/2023\/10\/IMG_7397.jpeg?resize=300%2C200&amp;ssl=1 300w\" sizes=\"(max-width: 720px) 100vw, 720px\" data-recalc-dims=\"1\"><br \/><img decoding=\"async\" data-attachment-id=\"241270\" data-permalink=\"https:\/\/mediaguinee.com\/enseignement-technique-ouverture-des-classes-les-promesses-du-ministre-alpha-bacar-barry\/img_7392\/\" data-orig-file=\"https:\/\/i0.wp.com\/mediaguinee.com\/wp-content\/uploads\/2023\/10\/IMG_7392.jpeg?fit=1680%2C756&amp;ssl=1\" data-orig-size=\"1680,756\" data-comments-opened=\"1\" data-image-meta='{\"aperture\":\"0\",\"credit\":\"\",\"camera\":\"\",\"caption\":\"\",\"created_timestamp\":\"0\",\"copyright\":\"\",\"focal_length\":\"0\",\"iso\":\"0\",\"shutter_speed\":\"0\",\"title\":\"\",\"orientation\":\"1\"}' data-image-title=\"IMG_7392\" data-image-description=\"\" data-image-caption=\"\" data-medium-file=\"https:\/\/i0.wp.com\/mediaguinee.com\/wp-content\/uploads\/2023\/10\/IMG_7392.jpeg?fit=300%2C135&amp;ssl=1\" data-large-file=\"https:\/\/i0.wp.com\/mediaguinee.com\/wp-content\/uploads\/2023\/10\/IMG_7392.jpeg?fit=1024%2C461&amp;ssl=1\" class=\"alignnone size-full wp-image-241270\"src=\"https:\/\/i0.wp.com\/mediaguinee.com\/wp-content\/uploads\/2023\/10\/IMG_7392.jpeg?w=1680&amp;ssl=1\" alt=\"\" width=\"1170\" height=\"527\" srcset=\"https:\/\/i0.wp.com\/mediaguinee.com\/wp-content\/uploads\/2023\/10\/IMG_7392.jpeg?w=1680&amp;ssl=1 1680w, https:\/\/i0.wp.com\/mediaguinee.com\/wp-content\/uploads\/2023\/10\/IMG_7392.jpeg?resize=300%2C135&amp;ssl=1 300w, https:\/\/i0.wp.com\/mediaguinee.com\/wp-content\/uploads\/2023\/10\/IMG_7392.jpeg?resize=1024%2C461&amp;ssl=1 1024w, https:\/\/i0.wp.com\/mediaguinee.com\/wp-content\/uploads\/2023\/10\/IMG_7392.jpeg?resize=768%2C346&amp;ssl=1 768w, https:\/\/i0.wp.com\/mediaguinee.com\/wp-content\/uploads\/2023\/10\/IMG_7392.jpeg?resize=1536%2C691&amp;ssl=1 1536w\" sizes=\"(max-width: 1170px) 100vw, 1170px\" data-recalc-dims=\"1\"><img decoding=\"async\" data-attachment-id=\"241271\" data-permalink=\"https:\/\/mediaguinee.com\/enseignement-technique-ouverture-des-classes-les-promesses-du-ministre-alpha-bacar-barry\/img_7390\/\" data-orig-file=\"https:\/\/i0.wp.com\/mediaguinee.com\/wp-content\/uploads\/2023\/10\/IMG_7390.jpeg?fit=1680%2C756&amp;ssl=1\" data-orig-size=\"1680,756\" data-comments-opened=\"1\" data-image-meta='{\"aperture\":\"0\",\"credit\":\"\",\"camera\":\"\",\"caption\":\"\",\"created_timestamp\":\"0\",\"copyright\":\"\",\"focal_length\":\"0\",\"iso\":\"0\",\"shutter_speed\":\"0\",\"title\":\"\",\"orientation\":\"1\"}' data-image-title=\"IMG_7390\" data-image-description=\"\" data-image-caption=\"\" data-medium-file=\"https:\/\/i0.wp.com\/mediaguinee.com\/wp-content\/uploads\/2023\/10\/IMG_7390.jpeg?fit=300%2C135&amp;ssl=1\" data-large-file=\"https:\/\/i0.wp.com\/mediaguinee.com\/wp-content\/uploads\/2023\/10\/IMG_7390.jpeg?fit=1024%2C461&amp;ssl=1\" class=\"alignnone size-full wp-image-241271\"src=\"https:\/\/i0.wp.com\/mediaguinee.com\/wp-content\/uploads\/2023\/10\/IMG_7390.jpeg?w=1680&amp;ssl=1\" alt=\"\" width=\"1170\" height=\"527\" srcset=\"https:\/\/i0.wp.com\/mediaguinee.com\/wp-content\/uploads\/2023\/10\/IMG_7390.jpeg?w=1680&amp;ssl=1 1680w, https:\/\/i0.wp.com\/mediaguinee.com\/wp-content\/uploads\/2023\/10\/IMG_7390.jpeg?resize=300%2C135&amp;ssl=1 300w, https:\/\/i0.wp.com\/mediaguinee.com\/wp-content\/uploads\/2023\/10\/IMG_7390.jpeg?resize=1024%2C461&amp;ssl=1 1024w, https:\/\/i0.wp.com\/mediaguinee.com\/wp-content\/uploads\/2023\/10\/IMG_7390.jpeg?resize=768%2C346&amp;ssl=1 768w, https:\/\/i0.wp.com\/mediaguinee.com\/wp-content\/uploads\/2023\/10\/IMG_7390.jpeg?resize=1536%2C691&amp;ssl=1 1536w\" sizes=\"(max-width: 1170px) 100vw, 1170px\" data-recalc-dims=\"1\"><img decoding=\"async\" data-attachment-id=\"241272\" data-permalink=\"https:\/\/mediaguinee.com\/enseignement-technique-ouverture-des-classes-les-promesses-du-ministre-alpha-bacar-barry\/img_7389\/\" data-orig-file=\"https:\/\/i0.wp.com\/mediaguinee.com\/wp-content\/uploads\/2023\/10\/IMG_7389.jpeg?fit=720%2C480&amp;ssl=1\" data-orig-size=\"720,480\" data-comments-opened=\"1\" data-image-meta='{\"aperture\":\"0\",\"credit\":\"\",\"camera\":\"\",\"caption\":\"\",\"created_timestamp\":\"0\",\"copyright\":\"\",\"focal_length\":\"0\",\"iso\":\"0\",\"shutter_speed\":\"0\",\"title\":\"\",\"orientation\":\"1\"}' data-image-title=\"IMG_7389\" data-image-description=\"\" data-image-caption=\"\" data-medium-file=\"https:\/\/i0.wp.com\/mediaguinee.com\/wp-content\/uploads\/2023\/10\/IMG_7389.jpeg?fit=300%2C200&amp;ssl=1\" data-large-file=\"https:\/\/i0.wp.com\/mediaguinee.com\/wp-content\/uploads\/2023\/10\/IMG_7389.jpeg?fit=720%2C480&amp;ssl=1\" class=\"alignnone size-full wp-image-241272\"src=\"https:\/\/i0.wp.com\/mediaguinee.com\/wp-content\/uploads\/2023\/10\/IMG_7389.jpeg?w=720&amp;ssl=1\" alt=\"\" width=\"720\" height=\"480\" srcset=\"https:\/\/i0.wp.com\/mediaguinee.com\/wp-content\/uploads\/2023\/10\/IMG_7389.jpeg?w=720&amp;ssl=1 720w, https:\/\/i0.wp.com\/mediaguinee.com\/wp-content\/uploads\/2023\/10\/IMG_7389.jpeg?resize=300%2C200&amp;ssl=1 300w\" sizes=\"(max-width: 720px) 100vw, 720px\" data-recalc-dims=\"1\"><img decoding=\"async\" data-attachment-id=\"241273\" data-permalink=\"https:\/\/mediaguinee.com\/enseignement-technique-ouverture-des-classes-les-promesses-du-ministre-alpha-bacar-barry\/img_7393\/\" data-orig-file=\"https:\/\/i0.wp.com\/mediaguinee.com\/wp-content\/uploads\/2023\/10\/IMG_7393.jpeg?fit=1680%2C756&amp;ssl=1\" data-orig-size=\"1680,756\" data-comments-opened=\"1\" data-image-meta='{\"aperture\":\"0\",\"credit\":\"\",\"camera\":\"\",\"caption\":\"\",\"created_timestamp\":\"0\",\"copyright\":\"\",\"focal_length\":\"0\",\"iso\":\"0\",\"shutter_speed\":\"0\",\"title\":\"\",\"orientation\":\"1\"}' data-image-title=\"IMG_7393\" data-image-description=\"\" data-image-caption=\"\" data-medium-file=\"https:\/\/i0.wp.com\/mediaguinee.com\/wp-content\/uploads\/2023\/10\/IMG_7393.jpeg?fit=300%2C135&amp;ssl=1\" data-large-file=\"https:\/\/i0.wp.com\/mediaguinee.com\/wp-content\/uploads\/2023\/10\/IMG_7393.jpeg?fit=1024%2C461&amp;ssl=1\" class=\"alignnone size-full wp-image-241273\"src=\"https:\/\/i0.wp.com\/mediaguinee.com\/wp-content\/uploads\/2023\/10\/IMG_7393.jpeg?w=1680&amp;ssl=1\" alt=\"\" width=\"1170\" height=\"527\" srcset=\"https:\/\/i0.wp.com\/mediaguinee.com\/wp-content\/uploads\/2023\/10\/IMG_7393.jpeg?w=1680&amp;ssl=1 1680w, https:\/\/i0.wp.com\/mediaguinee.com\/wp-content\/uploads\/2023\/10\/IMG_7393.jpeg?resize=300%2C135&amp;ssl=1 300w, https:\/\/i0.wp.com\/mediaguinee.com\/wp-content\/uploads\/2023\/10\/IMG_7393.jpeg?resize=1024%2C461&amp;ssl=1 1024w, https:\/\/i0.wp.com\/mediaguinee.com\/wp-content\/uploads\/2023\/10\/IMG_7393.jpeg?resize=768%2C346&amp;ssl=1 768w, https:\/\/i0.wp.com\/mediaguinee.com\/wp-content\/uploads\/2023\/10\/IMG_7393.jpeg?resize=1536%2C691&amp;ssl=1 1536w\" sizes=\"(max-width: 1170px) 100vw, 1170px\" data-recalc-dims=\"1\"><img decoding=\"async\" data-attachment-id=\"241274\" data-permalink=\"https:\/\/mediaguinee.com\/enseignement-technique-ouverture-des-classes-les-promesses-du-ministre-alpha-bacar-barry\/img_7394\/\" data-orig-file=\"https:\/\/i0.wp.com\/mediaguinee.com\/wp-content\/uploads\/2023\/10\/IMG_7394.jpeg?fit=1680%2C756&amp;ssl=1\" data-orig-size=\"1680,756\" data-comments-opened=\"1\" data-image-meta='{\"aperture\":\"0\",\"credit\":\"\",\"camera\":\"\",\"caption\":\"\",\"created_timestamp\":\"0\",\"copyright\":\"\",\"focal_length\":\"0\",\"iso\":\"0\",\"shutter_speed\":\"0\",\"title\":\"\",\"orientation\":\"1\"}' data-image-title=\"IMG_7394\" data-image-description=\"\" data-image-caption=\"\" data-medium-file=\"https:\/\/i0.wp.com\/mediaguinee.com\/wp-content\/uploads\/2023\/10\/IMG_7394.jpeg?fit=300%2C135&amp;ssl=1\" data-large-file=\"https:\/\/i0.wp.com\/mediaguinee.com\/wp-content\/uploads\/2023\/10\/IMG_7394.jpeg?fit=1024%2C461&amp;ssl=1\" class=\"alignnone size-full wp-image-241274\"src=\"https:\/\/i0.wp.com\/mediaguinee.com\/wp-content\/uploads\/2023\/10\/IMG_7394.jpeg?w=1680&amp;ssl=1\" alt=\"\" width=\"1170\" height=\"527\" srcset=\"https:\/\/i0.wp.com\/mediaguinee.com\/wp-content\/uploads\/2023\/10\/IMG_7394.jpeg?w=1680&amp;ssl=1 1680w, https:\/\/i0.wp.com\/mediaguinee.com\/wp-content\/uploads\/2023\/10\/IMG_7394.jpeg?resize=300%2C135&amp;ssl=1 300w, https:\/\/i0.wp.com\/mediaguinee.com\/wp-content\/uploads\/2023\/10\/IMG_7394.jpeg?resize=1024%2C461&amp;ssl=1 1024w, https:\/\/i0.wp.com\/mediaguinee.com\/wp-content\/uploads\/2023\/10\/IMG_7394.jpeg?resize=768%2C346&amp;ssl=1 768w, https:\/\/i0.wp.com\/mediaguinee.com\/wp-content\/uploads\/2023\/10\/IMG_7394.jpeg?resize=1536%2C691&amp;ssl=1 1536w\" sizes=\"(max-width: 1170px) 100vw, 1170px\" data-recalc-dims=\"1\"><img decoding=\"async\" data-attachment-id=\"241275\" data-permalink=\"https:\/\/mediaguinee.com\/enseignement-technique-ouverture-des-classes-les-promesses-du-ministre-alpha-bacar-barry\/img_7395\/\" data-orig-file=\"https:\/\/i0.wp.com\/mediaguinee.com\/wp-content\/uploads\/2023\/10\/IMG_7395.jpeg?fit=1680%2C756&amp;ssl=1\" data-orig-size=\"1680,756\" data-comments-opened=\"1\" data-image-meta='{\"aperture\":\"0\",\"credit\":\"\",\"camera\":\"\",\"caption\":\"\",\"created_timestamp\":\"0\",\"copyright\":\"\",\"focal_length\":\"0\",\"iso\":\"0\",\"shutter_speed\":\"0\",\"title\":\"\",\"orientation\":\"1\"}' data-image-title=\"IMG_7395\" data-image-description=\"\" data-image-caption=\"\" data-medium-file=\"https:\/\/i0.wp.com\/mediaguinee.com\/wp-content\/uploads\/2023\/10\/IMG_7395.jpeg?fit=300%2C135&amp;ssl=1\" data-large-file=\"https:\/\/i0.wp.com\/mediaguinee.com\/wp-content\/uploads\/2023\/10\/IMG_7395.jpeg?fit=1024%2C461&amp;ssl=1\" class=\"alignnone size-full wp-image-241275\"src=\"https:\/\/i0.wp.com\/mediaguinee.com\/wp-content\/uploads\/2023\/10\/IMG_7395.jpeg?w=1680&amp;ssl=1\" alt=\"\" width=\"1170\" height=\"527\" srcset=\"https:\/\/i0.wp.com\/mediaguinee.com\/wp-content\/uploads\/2023\/10\/IMG_7395.jpeg?w=1680&amp;ssl=1 1680w, https:\/\/i0.wp.com\/mediaguinee.com\/wp-content\/uploads\/2023\/10\/IMG_7395.jpeg?resize=300%2C135&amp;ssl=1 300w, https:\/\/i0.wp.com\/mediaguinee.com\/wp-content\/uploads\/2023\/10\/IMG_7395.jpeg?resize=1024%2C461&amp;ssl=1 1024w, https:\/\/i0.wp.com\/mediaguinee.com\/wp-content\/uploads\/2023\/10\/IMG_7395.jpeg?resize=768%2C346&amp;ssl=1 768w, https:\/\/i0.wp.com\/mediaguinee.com\/wp-content\/uploads\/2023\/10\/IMG_7395.jpeg?resize=1536%2C691&amp;ssl=1 1536w\" sizes=\"(max-width: 1170px) 100vw, 1170px\" data-recalc-dims=\"1\"><br \/>\nAu Centre de Formation Professionnelle de Donka, c\u2019est le ministre Alpha Bacar Barry, accompagn\u00e9 de la ministre du Plan et de la Coop\u00e9ration Internationale Rose Paola Pricemou qui a annonc\u00e9 officiellement l\u2019ouverture des classes.<\/div>\n<div dir=\"auto\"><\/div>\n<div dir=\"auto\" data-removefontsize=\"true\" data-originalcomputedfontsize=\"16\">Alpha Bacar Barry ministre de l\u2019enseignement technique et de la Formation professionnelle et de l\u2019emploi qui dit commencer cette ann\u00e9e avec beaucoup d\u2019optimisme, a rassur\u00e9 de l\u2019engagement et de la volont\u00e9 de son d\u00e9partement \u00e0 tout mettre en \u0153uvre pour avoir des \u00e9quipements de qualit\u00e9, renforcer la capacit\u00e9 des formateurs pour obtenir un r\u00e9sultat \u00e0 la hauteur des attentes.<\/div>\n<div dir=\"auto\"><\/div>\n<div dir=\"auto\" data-removefontsize=\"true\" data-originalcomputedfontsize=\"16\">\u00ab\u00a0Nous pensons que c\u2019est l\u2019ann\u00e9e de la pratique. Vous savez que \u00e7a repr\u00e9sente 70% de l\u2019effort de formation au niveau de l\u2019enseignement technique et de la formation professionnelle. Cette ann\u00e9e, l\u2019ensemble du gouvernement s\u2019est mobilis\u00e9. Vous allez remarquer plusieurs \u00e9v\u00e9nements de ce type-l\u00e0 dans plusieurs \u00e9coles, ici \u00e0 Conakry, \u00e0 l\u2019int\u00e9rieur du pays. Donc nous avons voulu attirer l\u2019attention des uns et des autres sur le travail accompli par le gouvernement \u00e0 l\u2019int\u00e9rieur des \u00e9coles pour qualifier l\u2019enseignement technique et la formation professionnelle. Donc c\u2019est une ann\u00e9e de d\u2019optimisme, de s\u00e9r\u00e9nit\u00e9, de qualit\u00e9. Cette ann\u00e9e o\u00f9 nous allons avoir une ma\u00eetrise des effectifs et d\u00e9velopper la formation des formateurs et augmenter les capacit\u00e9s d\u2019accueil. Et surtout augmenter les capacit\u00e9s de travail, les postes de travail pour qu\u2019il y ait plus d\u2019\u00e9quipement et plus de mati\u00e8re d\u2019\u0153uvre afin que les apprenants puissent avoir une formation bien remplie et une ann\u00e9e bien remplie\u00a0\u00bb , a pr\u00e9cis\u00e9 Alpha Bacar Barry.<\/div>\n<div dir=\"auto\"><\/div>\n<div dir=\"auto\" data-removefontsize=\"true\" data-originalcomputedfontsize=\"16\">Poursuivant, la ministre du Plan et de la Coop\u00e9ration internationale Rose Paula Pricemou a, dans sa communication, fait savoir que les autorit\u00e9s guin\u00e9ennes se tiennent au c\u00f4t\u00e9 de ce domaine tr\u00e8s porteur pour l\u2019\u00e9conomie guin\u00e8enne, pour dire aux apprenants et aux encadreurs qu\u2019ils comptent sur eux, sur leur engagement \u00e0 rel\u00e8ver le d\u00e9fi de la formation professionnelle de qualit\u00e9, dit-elle. \u00ab\u00a0Nous nous sommes lanc\u00e9s dans divers chantiers d\u2019ordre \u00e9conomique, \u00e0 relever le d\u00e9fi du d\u00e9veloppement durable et nous portons un accent particulier sur l\u2019enseignement technique. La plupart des programmes de d\u00e9veloppement que nous avons, int\u00e8grent une dimension o\u00f9 nous voulons relever le capital humain. Cela fait partie de l\u2019axe 4 du programme de r\u00e9f\u00e9rence int\u00e9rimaire. Et nous savons que l\u2019enseignement technique pourra nous aider \u00e0 mieux r\u00e9pondre aux attentes du march\u00e9 en termes d\u2019industrialisation, mais de tous les autres domaines qui incorporent notre \u00e9conomie\u00a0\u00bb<\/div>\n<div dir=\"auto\" data-removefontsize=\"true\" data-originalcomputedfontsize=\"16\">Par ailleurs, la ministre du Plan et de la Coop\u00e9ration Internationale a laiss\u00e9 entendre que le ministre de l\u2019Enseignement technique et de la formation professionnelle et de l\u2019emploi est conscient des d\u00e9fis du march\u00e9 du travail. \u00ab\u00a0Il a d\u00e9sormais le volet emploi et on essaie d\u2019ajuster au maximum la formation de qualit\u00e9 qu\u2019il faille pour r\u00e9pondre aux attentes du march\u00e9. Vous savez que nous int\u00e9grons la zone de libre \u00e9change, nos apprenants doivent \u00eatre professionnels pour pouvoir r\u00e9pondre \u00e0 ce grand d\u00e9fi o\u00f9 d\u2019autres personnes pourront venir s\u2019imposer sur notre march\u00e9. Nous prenons le train en marche avec beaucoup de s\u00e9r\u00e9nit\u00e9, mais aussi beaucoup d\u2019implication pour pr\u00e9parer au mieux nos professionnels\u00a0\u00bb.<\/div>\n<div dir=\"auto\"><\/div>\n<div dir=\"auto\"><b data-removefontsize=\"true\" data-originalcomputedfontsize=\"16\">Mamadou Yaya Barry\u00a0<\/b><\/div>\n<p>L\u2019article <a rel=\"nofollow\" href=\"https:\/\/mediaguinee.com\/enseignement-technique-ouverture-des-classes-les-promesses-du-ministre-alpha-bacar-barry\/\">Enseignement Technique\/Ouverture des classes: les promesses du ministre Alpha Bacar Barry<\/a> est apparu en premier sur <a rel=\"nofollow\" href=\"https:\/\/mediaguinee.com\/\">Mediaguinee.com<\/a>.<\/p>\n<\/div>\n","protected":false},"excerpt":{"rendered":"<p>Apr\u00e8s 3 mois de vacances, le Minist\u00e8re de l\u2019Enseignement Technique, de la Formation professionnelle et de l\u2019Emploi (METFPE) a proc\u00e9d\u00e9, ce lundi 08 octobre 2023, \u00e0 l\u2019ouverture des classes et le d\u00e9marrage des cours au compte l\u2019ann\u00e9e acad\u00e9mique 2023-2024. Au Centre de Formation Professionnelle de Donka, c\u2019est le ministre Alpha Bacar Barry, accompagn\u00e9 de la &hellip;<\/p>\n","protected":false},"author":1,"featured_media":0,"comment_status":"closed","ping_status":"closed","sticky":false,"template":"","format":"standard","meta":{"footnotes":""},"categories":[2],"tags":[23],"class_list":["post-62195","post","type-post","status-publish","format-standard","hentry","category-news","tag-mediaguinee"],"_links":{"self":[{"href":"https:\/\/es.ambagn.staging.e-kaidi.net\/index.php?rest_route=\/wp\/v2\/posts\/62195","targetHints":{"allow":["GET"]}}],"collection":[{"href":"https:\/\/es.ambagn.staging.e-kaidi.net\/index.php?rest_route=\/wp\/v2\/posts"}],"about":[{"href":"https:\/\/es.ambagn.staging.e-kaidi.net\/index.php?rest_route=\/wp\/v2\/types\/post"}],"author":[{"embeddable":true,"href":"https:\/\/es.ambagn.staging.e-kaidi.net\/index.php?rest_route=\/wp\/v2\/users\/1"}],"replies":[{"embeddable":true,"href":"https:\/\/es.ambagn.staging.e-kaidi.net\/index.php?rest_route=%2Fwp%2Fv2%2Fcomments&post=62195"}],"version-history":[{"count":0,"href":"https:\/\/es.ambagn.staging.e-kaidi.net\/index.php?rest_route=\/wp\/v2\/posts\/62195\/revisions"}],"wp:attachment":[{"href":"https:\/\/es.ambagn.staging.e-kaidi.net\/index.php?rest_route=%2Fwp%2Fv2%2Fmedia&parent=62195"}],"wp:term":[{"taxonomy":"category","embeddable":true,"href":"https:\/\/es.ambagn.staging.e-kaidi.net\/index.php?rest_route=%2Fwp%2Fv2%2Fcategories&post=62195"},{"taxonomy":"post_tag","embeddable":true,"href":"https:\/\/es.ambagn.staging.e-kaidi.net\/index.php?rest_route=%2Fwp%2Fv2%2Ftags&post=62195"}],"curies":[{"name":"wp","href":"https:\/\/api.w.org\/{rel}","templated":true}]}}