{"id":62020,"date":"2023-10-07T23:10:59","date_gmt":"2023-10-07T21:10:59","guid":{"rendered":"https:\/\/es.ambagn.staging.e-kaidi.net\/?p=62020"},"modified":"2023-10-07T23:10:59","modified_gmt":"2023-10-07T21:10:59","slug":"fode-oussou-a-lag-de-lufdg-le-02-octobre-nappartient-pas-aux-forces-de-defense-et-de-securite","status":"publish","type":"post","link":"https:\/\/es.ambagn.staging.e-kaidi.net\/?p=62020","title":{"rendered":"Fod\u00e9 Oussou \u00e0 l\u2019AG de l\u2019UFDG : \u00ab le 02 octobre n\u2019appartient pas aux forces de d\u00e9fense et de s\u00e9curit\u00e9\u2026 \u00bb"},"content":{"rendered":"<div>\n<div style=\"margin-bottom:20px;\"><img width=\"1920\" height=\"864\"src=\"https:\/\/i0.wp.com\/mediaguinee.com\/wp-content\/uploads\/2023\/10\/IMG_7338.jpeg?w=1920&amp;ssl=1\" class=\"attachment-post-thumbnail size-post-thumbnail wp-post-image\" alt=\"\" decoding=\"async\" srcset=\"https:\/\/i0.wp.com\/mediaguinee.com\/wp-content\/uploads\/2023\/10\/IMG_7338.jpeg?w=1920&amp;ssl=1 1920w, https:\/\/i0.wp.com\/mediaguinee.com\/wp-content\/uploads\/2023\/10\/IMG_7338.jpeg?resize=300%2C135&amp;ssl=1 300w, https:\/\/i0.wp.com\/mediaguinee.com\/wp-content\/uploads\/2023\/10\/IMG_7338.jpeg?resize=1024%2C461&amp;ssl=1 1024w, https:\/\/i0.wp.com\/mediaguinee.com\/wp-content\/uploads\/2023\/10\/IMG_7338.jpeg?resize=768%2C346&amp;ssl=1 768w, https:\/\/i0.wp.com\/mediaguinee.com\/wp-content\/uploads\/2023\/10\/IMG_7338.jpeg?resize=1536%2C691&amp;ssl=1 1536w\" sizes=\"(max-width: 1920px) 100vw, 1920px\" data-attachment-id=\"241133\" data-permalink=\"https:\/\/mediaguinee.com\/fode-oussou-a-lag-de-lufdg-le-02-octobre-nappartient-pas-aux-forces-de-defense-et-de-securite\/img_7338\/\" data-orig-file=\"https:\/\/i0.wp.com\/mediaguinee.com\/wp-content\/uploads\/2023\/10\/IMG_7338.jpeg?fit=1920%2C864&amp;ssl=1\" data-orig-size=\"1920,864\" data-comments-opened=\"1\" data-image-meta='{\"aperture\":\"0\",\"credit\":\"\",\"camera\":\"\",\"caption\":\"\",\"created_timestamp\":\"0\",\"copyright\":\"\",\"focal_length\":\"0\",\"iso\":\"0\",\"shutter_speed\":\"0\",\"title\":\"\",\"orientation\":\"1\"}' data-image-title=\"IMG_7338\" data-image-description=\"\" data-image-caption=\"\" data-medium-file=\"https:\/\/i0.wp.com\/mediaguinee.com\/wp-content\/uploads\/2023\/10\/IMG_7338.jpeg?fit=300%2C135&amp;ssl=1\" data-large-file=\"https:\/\/i0.wp.com\/mediaguinee.com\/wp-content\/uploads\/2023\/10\/IMG_7338.jpeg?fit=1024%2C461&amp;ssl=1\"><\/div>\n<p style=\"font-weight: 400;\">L\u2019Union des Forces D\u00e9mocratiques de Guin\u00e9e a une nouvelle fois tenu son Assembl\u00e9e G\u00e9n\u00e9rale hebdomadaire au si\u00e8ge du parti \u00e0 la Mini\u00e8re, ce samedi 07 octobre.<br \/>\nLe pr\u00e9sident de s\u00e9ance a saisi l\u2019occasion pour rendre un hommage au Khalife du Fouta-Djallon d\u00e9c\u00e9d\u00e9 la semaine derni\u00e8re. Plus loin, Dr Fod\u00e9 Oussou Fofana a d\u00e9plor\u00e9 la \u2018\u2019caporalisation\u2019\u2019 de la f\u00eate d\u2019ind\u00e9pendance, c\u00e9l\u00e9br\u00e9e \u00e0\u00a0 Kaloum, les difficult\u00e9s de la rentr\u00e9e des classes et la m\u00e9diocrit\u00e9 de certains ministres \u00e0 faire face aux probl\u00e8mes de la Guin\u00e9e.<\/p>\n<p style=\"font-weight: 400;\"><span data-originalfontsize=\"20pt\" data-originalcomputedfontsize=\"26.666666\">\u00c0 en croire le vice-pr\u00e9sident charg\u00e9 des Affaires politiques de l\u2019UFDG, Dr Fod\u00e9 Oussou Fofana, tous les Guin\u00e9ens (militaires, tailleurs, chauffeurs, forgerons, \u00e9l\u00e8ves, \u00e9tudiants,\u2026 ) doivent f\u00eater le 02 f\u00eater main dans la main \u00e0 l\u2019image du 02 octobre 1958 mais cette fois-ci c\u2019est du jamais vu dans l\u2019histoire de la Guin\u00e9e, dit-il. \u00ab\u00a0Ce que nous avons v\u00e9cu le 02 octobre on n\u2019avait jamais v\u00e9cu \u00e7a dans l\u2019histoire de la Guin\u00e9e, parce que le 02 octobre n\u2019appartient pas \u00e0 une entit\u00e9, le 02 octobre n\u2019appartient pas aux forces de d\u00e9fense et de s\u00e9curit\u00e9. Vous saviez, il n\u2019y a pas un Guin\u00e9en qui n\u2019est pas fier de notre arm\u00e9e. Nous avons \u00e9t\u00e9 fiers parce que l\u2019histoire de l\u2019arm\u00e9e est li\u00e9e \u00e0 l\u2019histoire de la lib\u00e9ration du continent africain. Les Guin\u00e9ens se sont battus, l\u2019arm\u00e9e guin\u00e9enne s\u2019est battue pour aller d\u00e9fendre tous ces pays africains pour qu\u2019ils aient leurs ind\u00e9pendances. Et nous avons \u00e9t\u00e9 fiers et je pense qu\u2019il n\u2019y a pas de raison pour qu\u2019on ne soit pas fier de de notre arm\u00e9e nationale mais le 02 octobre n\u2019est pas une f\u00eate de l\u2019arm\u00e9e, c\u2019est une f\u00eate de l\u2019ensemble des Guin\u00e9ens, c\u2019est une f\u00eate de la R\u00e9publique de Guin\u00e9e. La f\u00eate de l\u2019arm\u00e9e guin\u00e9enne, c\u2019est le 1er novembre de chaque ann\u00e9e. Donc, il ne faut pas qu\u2019on confonde les dates, il faut qu\u2019on comprenne,\u2026que l\u2019arm\u00e9e a le droit de f\u00eater le 02 octobre et nous avons le droit de f\u00eater le 02 octobre. Nous devons f\u00eater ensemble. L\u2019ensemble des Guin\u00e9ens doivent f\u00eater la main dans la main comme on a eu notre ind\u00e9pendance\u00a0\u00bb, \u00a0d\u00e9plore ce proche de Cellou Dalein Diallo.\u00a0<\/span><\/p>\n<p style=\"font-weight: 400;\">\n<p style=\"font-weight: 400;\"><span data-originalfontsize=\"20pt\" data-originalcomputedfontsize=\"26.666666\">Poursuivant, \u00a0Dr Fod\u00e9 Oussou Fofana a interpell\u00e9 les autorit\u00e9s de la transition en ces termes\u00a0: \u00ab\u00a0Ceux qui ont eu l\u2019id\u00e9e de fermer Conakry, pour emp\u00eacher les citoyens d\u2019aller travailler, ceux qui ont ferm\u00e9 Conakry pour emp\u00eacher nos malades de recevoir leurs repas, ceux qui ont ferm\u00e9 Conakry pour emp\u00eacher les pharmacies, les boutiques, pour emp\u00eacher les citoyens de vivre librement, je pense que \u00e7a n\u2019a pas \u00e9t\u00e9 une bonne id\u00e9e\u2026On pouvait donner la possibilit\u00e9 \u00e0 chacun de rentrer et de sortir librement mais tout a \u00e9t\u00e9 bloqu\u00e9, toutes les activit\u00e9s ont \u00e9t\u00e9 bloqu\u00e9es. Et en banlieue, on a abandonn\u00e9 les citoyens qui ont fait ce qu\u2019ils voulaient. C\u2019est ce qui a caus\u00e9 la mort dans leur joie de manifester le 02 octobre. Je pense que nous pouvons tirer les le\u00e7ons de \u00e7a pour que la prochaine fois \u00e7a ne se passe pas comme \u00e7a\u00a0\u00bb\u00a0<\/span><\/p>\n<p style=\"font-weight: 400;\">\n<p style=\"font-weight: 400;\"><strong><span data-originalfontsize=\"20pt\" data-originalcomputedfontsize=\"26.666666\">Mamadou Yaya Barry\u00a0<\/span><\/strong><\/p>\n<p>L\u2019article <a rel=\"nofollow\" href=\"https:\/\/mediaguinee.com\/fode-oussou-a-lag-de-lufdg-le-02-octobre-nappartient-pas-aux-forces-de-defense-et-de-securite\/\">Fod\u00e9 Oussou \u00e0 l\u2019AG de l\u2019UFDG : \u00ab le 02 octobre n\u2019appartient pas aux forces de d\u00e9fense et de s\u00e9curit\u00e9\u2026 \u00bb<\/a> est apparu en premier sur <a rel=\"nofollow\" href=\"https:\/\/mediaguinee.com\/\">Mediaguinee.com<\/a>.<\/p>\n<\/div>\n","protected":false},"excerpt":{"rendered":"<p>L\u2019Union des Forces D\u00e9mocratiques de Guin\u00e9e a une nouvelle fois tenu son Assembl\u00e9e G\u00e9n\u00e9rale hebdomadaire au si\u00e8ge du parti \u00e0 la Mini\u00e8re, ce samedi 07 octobre. Le pr\u00e9sident de s\u00e9ance a saisi l\u2019occasion pour rendre un hommage au Khalife du Fouta-Djallon d\u00e9c\u00e9d\u00e9 la semaine derni\u00e8re. Plus loin, Dr Fod\u00e9 Oussou Fofana a d\u00e9plor\u00e9 la \u2018\u2019caporalisation\u2019\u2019 &hellip;<\/p>\n","protected":false},"author":1,"featured_media":0,"comment_status":"closed","ping_status":"closed","sticky":false,"template":"","format":"standard","meta":{"footnotes":""},"categories":[2],"tags":[23],"class_list":["post-62020","post","type-post","status-publish","format-standard","hentry","category-news","tag-mediaguinee"],"_links":{"self":[{"href":"https:\/\/es.ambagn.staging.e-kaidi.net\/index.php?rest_route=\/wp\/v2\/posts\/62020","targetHints":{"allow":["GET"]}}],"collection":[{"href":"https:\/\/es.ambagn.staging.e-kaidi.net\/index.php?rest_route=\/wp\/v2\/posts"}],"about":[{"href":"https:\/\/es.ambagn.staging.e-kaidi.net\/index.php?rest_route=\/wp\/v2\/types\/post"}],"author":[{"embeddable":true,"href":"https:\/\/es.ambagn.staging.e-kaidi.net\/index.php?rest_route=\/wp\/v2\/users\/1"}],"replies":[{"embeddable":true,"href":"https:\/\/es.ambagn.staging.e-kaidi.net\/index.php?rest_route=%2Fwp%2Fv2%2Fcomments&post=62020"}],"version-history":[{"count":0,"href":"https:\/\/es.ambagn.staging.e-kaidi.net\/index.php?rest_route=\/wp\/v2\/posts\/62020\/revisions"}],"wp:attachment":[{"href":"https:\/\/es.ambagn.staging.e-kaidi.net\/index.php?rest_route=%2Fwp%2Fv2%2Fmedia&parent=62020"}],"wp:term":[{"taxonomy":"category","embeddable":true,"href":"https:\/\/es.ambagn.staging.e-kaidi.net\/index.php?rest_route=%2Fwp%2Fv2%2Fcategories&post=62020"},{"taxonomy":"post_tag","embeddable":true,"href":"https:\/\/es.ambagn.staging.e-kaidi.net\/index.php?rest_route=%2Fwp%2Fv2%2Ftags&post=62020"}],"curies":[{"name":"wp","href":"https:\/\/api.w.org\/{rel}","templated":true}]}}