{"id":61808,"date":"2023-10-03T23:23:04","date_gmt":"2023-10-03T21:23:04","guid":{"rendered":"https:\/\/es.ambagn.staging.e-kaidi.net\/?p=61808"},"modified":"2023-10-03T23:23:04","modified_gmt":"2023-10-03T21:23:04","slug":"kindia-un-militaire-ouvre-le-feu-sur-des-citoyens-a-madina-oula","status":"publish","type":"post","link":"https:\/\/es.ambagn.staging.e-kaidi.net\/?p=61808","title":{"rendered":"Kindia : un militaire ouvre le feu sur des citoyens \u00e0 Madina Oula"},"content":{"rendered":"<div>\n<div style=\"margin-bottom:20px;\"><img width=\"863\" height=\"486\"src=\"https:\/\/i0.wp.com\/mediaguinee.com\/wp-content\/uploads\/2023\/10\/IMG_7135.jpeg?w=863&amp;ssl=1\" class=\"attachment-post-thumbnail size-post-thumbnail wp-post-image\" alt=\"\" decoding=\"async\" srcset=\"https:\/\/i0.wp.com\/mediaguinee.com\/wp-content\/uploads\/2023\/10\/IMG_7135.jpeg?w=863&amp;ssl=1 863w, https:\/\/i0.wp.com\/mediaguinee.com\/wp-content\/uploads\/2023\/10\/IMG_7135.jpeg?resize=300%2C169&amp;ssl=1 300w, https:\/\/i0.wp.com\/mediaguinee.com\/wp-content\/uploads\/2023\/10\/IMG_7135.jpeg?resize=768%2C433&amp;ssl=1 768w\" sizes=\"(max-width: 863px) 100vw, 863px\" data-attachment-id=\"240731\" data-permalink=\"https:\/\/mediaguinee.com\/kindia-un-militaire-ouvre-le-feu-sur-des-citoyens-a-madina-oula\/img_7135\/\" data-orig-file=\"https:\/\/i0.wp.com\/mediaguinee.com\/wp-content\/uploads\/2023\/10\/IMG_7135.jpeg?fit=863%2C486&amp;ssl=1\" data-orig-size=\"863,486\" data-comments-opened=\"1\" data-image-meta='{\"aperture\":\"0\",\"credit\":\"\",\"camera\":\"\",\"caption\":\"\",\"created_timestamp\":\"0\",\"copyright\":\"\",\"focal_length\":\"0\",\"iso\":\"0\",\"shutter_speed\":\"0\",\"title\":\"\",\"orientation\":\"0\"}' data-image-title=\"IMG_7135\" data-image-description=\"\" data-image-caption=\"\" data-medium-file=\"https:\/\/i0.wp.com\/mediaguinee.com\/wp-content\/uploads\/2023\/10\/IMG_7135.jpeg?fit=300%2C169&amp;ssl=1\" data-large-file=\"https:\/\/i0.wp.com\/mediaguinee.com\/wp-content\/uploads\/2023\/10\/IMG_7135.jpeg?fit=863%2C486&amp;ssl=1\"><\/div>\n<p class=\"s3\"><span class=\"s2\"><span class=\"bumpedFont15\">L\u2019acte fait beaucoup de bruits \u00e0 Kindia, la cit\u00e9 des agrumes. Un militaire \u00a0dont nous ignorons encore l\u2019identit\u00e9 a ouvert le feu sur deux citoyens dans la nuit \u00a0du lundi 2 octobre 2023.<br \/>\nLe drame a eu lieu \u00e0<\/span><\/span> <span class=\"s2\"><span class=\"bumpedFont15\">S\u00e8roumba<\/span><\/span> <span class=\"s2\"><span class=\"bumpedFont15\">dans le district de \u00a0 \u00a0Haut-Tamisso, dans la sous-pr\u00e9fecture de Madina-Oula .<br \/>\nSelon le fr\u00e8re de l\u2019une des victimes, le mis en cause \u00e9tait<\/span><\/span> <span class=\"s2\"><span class=\"bumpedFont15\">ivre lorsqu\u2019il a ouvert le feu sur ses victimes. \u00a0<\/span><\/span><\/p>\n<p class=\"s7\"><span class=\"s4\"><span class=\"bumpedFont15\">C\u2019est un incident que les victimes et le mis en cause refusent de commenter <\/span><\/span><span class=\"s4\"><span class=\"bumpedFont15\">\u00e0 <\/span><\/span><span class=\"s4\"><span class=\"bumpedFont15\">l\u2019h\u00f4pital r\u00e9gional de Kindia malgr\u00e9 l\u2019implication des responsables.<br \/>\nSi le premier jeune bless\u00e9 gravement au niveau du pied a du mal \u00e0<\/span><\/span> <span class=\"s4\"><span class=\"bumpedFont15\">s\u2019exprimer, \u00a0le deuxi\u00e8me en m\u00e8che avec le responsable \u00a0du militaire accus\u00e9, lui n\u2019a pas voulu faire de commentaires.<br \/>\nIbrahima Barry, fr\u00e8re du jeune gravement bless\u00e9 (Alpha Oumar Barry) qui a apport\u00e9 quelques explications: \u00ab <\/span><\/span><span class=\"s5\"><span class=\"bumpedFont15\">J\u2019ai \u00e9t\u00e9 appel\u00e9 hier aux environs de 21h par mon petit-fr\u00e8re qui m\u2019a dit qu\u2019on a tir\u00e9 sur lui. Entre temps, il a coup\u00e9 le t\u00e9l\u00e9phone peu apr\u00e8s il m\u2019a rappel\u00e9 en me disant, fr\u00e8re \u00a0je vais mourir. J\u2019ai \u00e9chang\u00e9<\/span><\/span> <span class=\"s5\"><span class=\"bumpedFont15\">avec l\u2019un de ses amis qui \u00e9tait<\/span><\/span> <span class=\"s5\"><span class=\"bumpedFont15\">aupr\u00e8s, lui aussi a confirm\u00e9 ma fusillade. J\u2019ai cherch\u00e9 \u00e0<\/span><\/span> <span class=\"s5\"><span class=\"bumpedFont15\">savoir comme cela s\u2019est arriv\u00e9. \u00a0Mon fr\u00e8re m\u2019a dit que le militaire qui a tir\u00e9 sur eux a fait expr\u00e8s parce qu\u2019il est venu avec son arme s\u2019asseoir parmi nous dans un \u00e9tat d\u2019ivresse, donc il a fait expr\u00e8s. Mon fr\u00e8re vient de rentrer au bloc, il est gravement bless\u00e9, les m\u00e9decins disent qu\u2019il doit \u00eatre<\/span><\/span> <span class=\"s5\"><span class=\"bumpedFont15\">\u00e9vacu\u00e9 <\/span><\/span><span class=\"s5\"><span class=\"bumpedFont15\">sur Conakry juste apr\u00e8s le bloc \u00bb.<\/span><\/span><\/p>\n<p class=\"s7\"><span class=\"s4\"><span class=\"bumpedFont15\">Les deux jeunes bless\u00e9s sont pris en charge par le responsable du militaire mis en cause. Interrog\u00e9, il nous a dit ceci <\/span><\/span><span class=\"s4\"><span class=\"bumpedFont15\">\u300a <\/span><\/span><span class=\"s4\"><span class=\"bumpedFont15\">mon sup\u00e9rieur me dit de ne pas parler. Donc pour l\u2019instant je n\u2019ai rien \u00e0<\/span><\/span> <span class=\"s4\"><span class=\"bumpedFont15\">dire.<\/span><\/span><span class=\"s4\"><span class=\"bumpedFont15\">\u300b <\/span><\/span><span class=\"s4\"><span class=\"bumpedFont15\">Dit-il <\/span><\/span><\/p>\n<p class=\"s7\"><span class=\"s4\"><span class=\"bumpedFont15\">Aux derni\u00e8res nouvelles, \u00a0nous apprenons que la maire de Madina Oula et d\u2019autres responsables sont sur les lieux de l\u2019incident pour chercher <\/span><\/span><span class=\"s4\"><span class=\"bumpedFont15\">\u00e0 <\/span><\/span><span class=\"s4\"><span class=\"bumpedFont15\">conna\u00eetre les circonstances r\u00e9elles de cette situation. <\/span><\/span><\/p>\n<p class=\"s7\"><strong><span class=\"s2\"><span class=\"bumpedFont15\">Aboubacar Dram\u00e9, correspondant r\u00e9gional <\/span><\/span><span class=\"s2\"><span class=\"bumpedFont15\">\u00e0 <\/span><\/span><span class=\"s2\"><span class=\"bumpedFont15\">Kindia<\/span><\/span><\/strong><\/p>\n<p class=\"s7\"><span class=\"s2\"><span class=\"bumpedFont15\">+224 623 08 09 10<\/span><\/span><\/p>\n<p class=\"s3\">\n<p>L\u2019article <a rel=\"nofollow\" href=\"https:\/\/mediaguinee.com\/kindia-un-militaire-ouvre-le-feu-sur-des-citoyens-a-madina-oula\/\">Kindia : un militaire ouvre le feu sur des citoyens \u00e0 Madina Oula<\/a> est apparu en premier sur <a rel=\"nofollow\" href=\"https:\/\/mediaguinee.com\/\">Mediaguinee.com<\/a>.<\/p>\n<\/div>\n","protected":false},"excerpt":{"rendered":"<p>L\u2019acte fait beaucoup de bruits \u00e0 Kindia, la cit\u00e9 des agrumes. Un militaire \u00a0dont nous ignorons encore l\u2019identit\u00e9 a ouvert le feu sur deux citoyens dans la nuit \u00a0du lundi 2 octobre 2023. Le drame a eu lieu \u00e0 S\u00e8roumba dans le district de \u00a0 \u00a0Haut-Tamisso, dans la sous-pr\u00e9fecture de Madina-Oula . Selon le fr\u00e8re &hellip;<\/p>\n","protected":false},"author":1,"featured_media":0,"comment_status":"closed","ping_status":"closed","sticky":false,"template":"","format":"standard","meta":{"footnotes":""},"categories":[2],"tags":[23],"class_list":["post-61808","post","type-post","status-publish","format-standard","hentry","category-news","tag-mediaguinee"],"_links":{"self":[{"href":"https:\/\/es.ambagn.staging.e-kaidi.net\/index.php?rest_route=\/wp\/v2\/posts\/61808","targetHints":{"allow":["GET"]}}],"collection":[{"href":"https:\/\/es.ambagn.staging.e-kaidi.net\/index.php?rest_route=\/wp\/v2\/posts"}],"about":[{"href":"https:\/\/es.ambagn.staging.e-kaidi.net\/index.php?rest_route=\/wp\/v2\/types\/post"}],"author":[{"embeddable":true,"href":"https:\/\/es.ambagn.staging.e-kaidi.net\/index.php?rest_route=\/wp\/v2\/users\/1"}],"replies":[{"embeddable":true,"href":"https:\/\/es.ambagn.staging.e-kaidi.net\/index.php?rest_route=%2Fwp%2Fv2%2Fcomments&post=61808"}],"version-history":[{"count":0,"href":"https:\/\/es.ambagn.staging.e-kaidi.net\/index.php?rest_route=\/wp\/v2\/posts\/61808\/revisions"}],"wp:attachment":[{"href":"https:\/\/es.ambagn.staging.e-kaidi.net\/index.php?rest_route=%2Fwp%2Fv2%2Fmedia&parent=61808"}],"wp:term":[{"taxonomy":"category","embeddable":true,"href":"https:\/\/es.ambagn.staging.e-kaidi.net\/index.php?rest_route=%2Fwp%2Fv2%2Fcategories&post=61808"},{"taxonomy":"post_tag","embeddable":true,"href":"https:\/\/es.ambagn.staging.e-kaidi.net\/index.php?rest_route=%2Fwp%2Fv2%2Ftags&post=61808"}],"curies":[{"name":"wp","href":"https:\/\/api.w.org\/{rel}","templated":true}]}}