{"id":61807,"date":"2023-10-03T23:23:04","date_gmt":"2023-10-03T21:23:04","guid":{"rendered":"https:\/\/es.ambagn.staging.e-kaidi.net\/?p=61807"},"modified":"2023-10-03T23:23:04","modified_gmt":"2023-10-03T21:23:04","slug":"crief-amadou-damaro-ex-pan-va-comparaitre-a-laudience-du-jeudi-source","status":"publish","type":"post","link":"https:\/\/es.ambagn.staging.e-kaidi.net\/?p=61807","title":{"rendered":"Crief: Amadou Damaro, ex-PAN va compara\u00eetre \u00e0 l\u2019audience du jeudi (source)"},"content":{"rendered":"<div>\n<div style=\"margin-bottom:20px;\"><img width=\"960\" height=\"640\"src=\"https:\/\/i0.wp.com\/mediaguinee.com\/wp-content\/uploads\/2022\/06\/Damaro.jpg?w=960&amp;ssl=1\" class=\"attachment-post-thumbnail size-post-thumbnail wp-post-image\" alt=\"\" decoding=\"async\" srcset=\"https:\/\/i0.wp.com\/mediaguinee.com\/wp-content\/uploads\/2022\/06\/Damaro.jpg?w=960&amp;ssl=1 960w, https:\/\/i0.wp.com\/mediaguinee.com\/wp-content\/uploads\/2022\/06\/Damaro.jpg?resize=300%2C200&amp;ssl=1 300w, https:\/\/i0.wp.com\/mediaguinee.com\/wp-content\/uploads\/2022\/06\/Damaro.jpg?resize=768%2C512&amp;ssl=1 768w\" sizes=\"(max-width: 960px) 100vw, 960px\" data-attachment-id=\"190810\" data-permalink=\"https:\/\/mediaguinee.com\/crief-le-dossier-damaro-attendu-devant-le-juge-dinstruction-ce-lundi\/damaro-35\/\" data-orig-file=\"https:\/\/i0.wp.com\/mediaguinee.com\/wp-content\/uploads\/2022\/06\/Damaro.jpg?fit=960%2C640&amp;ssl=1\" data-orig-size=\"960,640\" data-comments-opened=\"1\" data-image-meta='{\"aperture\":\"0\",\"credit\":\"\",\"camera\":\"\",\"caption\":\"\",\"created_timestamp\":\"0\",\"copyright\":\"\",\"focal_length\":\"0\",\"iso\":\"0\",\"shutter_speed\":\"0\",\"title\":\"\",\"orientation\":\"0\"}' data-image-title=\"Damaro\" data-image-description=\"\" data-image-caption=\"\" data-medium-file=\"https:\/\/i0.wp.com\/mediaguinee.com\/wp-content\/uploads\/2022\/06\/Damaro.jpg?fit=300%2C200&amp;ssl=1\" data-large-file=\"https:\/\/i0.wp.com\/mediaguinee.com\/wp-content\/uploads\/2022\/06\/Damaro.jpg?fit=960%2C640&amp;ssl=1\"><\/div>\n<p>C\u2019est une information de Mediaguinee. Sauf changement de derni\u00e8re minute, l\u2019ex-pr\u00e9sident de l\u2019Assembl\u00e9e nationale (ex-PAN), Amadou Damaro Camara, poursuivi pour des faits pr\u00e9sum\u00e9s de d\u00e9tournement de deniers publics et qui ne s\u2019est jamais pr\u00e9sent\u00e9 depuis l\u2019ouverture de son proc\u00e8s, va finalement compara\u00eetre \u00e0 l\u2019audience du jeudi 05 octobre prochain par devant la chambre du jugement de la Cour de r\u00e9pression des infractions \u00e9conomiques et financi\u00e8res(Crief).<\/p>\n<div dir=\"auto\" data-removefontsize=\"true\" data-originalcomputedfontsize=\"16\">Selon une source proche de l\u2019int\u00e9ress\u00e9, l\u2019\u00e9tat de sant\u00e9 du pr\u00e9sident de la 9\u00e8me l\u00e9gislature, hospitalis\u00e9 depuis plusieurs mois \u00e0 l\u2019h\u00f4pital sino-guin\u00e9en s\u2019est beaucoup am\u00e9lior\u00e9. Il a finalement d\u00e9cid\u00e9, renseigne notre source, de donner sa version des faits le jeudi par devant la cour dirig\u00e9e par le juge Francis Kova Zoumanigui.<\/div>\n<div dir=\"auto\"><\/div>\n<div dir=\"auto\" data-removefontsize=\"true\" data-originalcomputedfontsize=\"16\">\u00ab\u00a0<i data-removefontsize=\"true\" data-originalcomputedfontsize=\"16\">Avec l\u2019am\u00e9lioration de son \u00e9tat de sant\u00e9, il s\u2019est propos\u00e9 aller \u00e0 l\u2019audience du 5 octobre prochain<\/i>\u00ab\u00a0, a confi\u00e9 notre interlocuteur.<\/div>\n<div dir=\"auto\"><\/div>\n<div dir=\"auto\" data-removefontsize=\"true\" data-originalcomputedfontsize=\"16\">A rappeler que Damaro Camara, l\u2019ex-1er questeur de l\u2019assembl\u00e9e nationale, Michel Kamano, l\u2019ancienne 2\u00e8me questeure de l\u2019assembl\u00e9e nationale, Zenab Camara et Cheng Jiin-Suey, patron des tours siamoises de Kakimbo sont, tous poursuivis pour des faits pr\u00e9sum\u00e9s de d\u00e9tournement de deniers publics portant sur 15 milliards de francs guin\u00e9ens destin\u00e9s \u00e0 la construction du nouveau si\u00e8ge de l\u2019Assembl\u00e9e nationale \u00e0 Koloma.<\/div>\n<div dir=\"auto\" data-removefontsize=\"true\" data-originalcomputedfontsize=\"16\"><strong>Elisa CAMARA<\/strong><\/div>\n<p>L\u2019article <a rel=\"nofollow\" href=\"https:\/\/mediaguinee.com\/240726-2\/\">Crief: Amadou Damaro, ex-PAN va compara\u00eetre \u00e0 l\u2019audience du jeudi (source)<\/a> est apparu en premier sur <a rel=\"nofollow\" href=\"https:\/\/mediaguinee.com\/\">Mediaguinee.com<\/a>.<\/p>\n<\/div>\n","protected":false},"excerpt":{"rendered":"<p>C\u2019est une information de Mediaguinee. Sauf changement de derni\u00e8re minute, l\u2019ex-pr\u00e9sident de l\u2019Assembl\u00e9e nationale (ex-PAN), Amadou Damaro Camara, poursuivi pour des faits pr\u00e9sum\u00e9s de d\u00e9tournement de deniers publics et qui ne s\u2019est jamais pr\u00e9sent\u00e9 depuis l\u2019ouverture de son proc\u00e8s, va finalement compara\u00eetre \u00e0 l\u2019audience du jeudi 05 octobre prochain par devant la chambre du jugement &hellip;<\/p>\n","protected":false},"author":1,"featured_media":0,"comment_status":"closed","ping_status":"closed","sticky":false,"template":"","format":"standard","meta":{"footnotes":""},"categories":[2],"tags":[23],"class_list":["post-61807","post","type-post","status-publish","format-standard","hentry","category-news","tag-mediaguinee"],"_links":{"self":[{"href":"https:\/\/es.ambagn.staging.e-kaidi.net\/index.php?rest_route=\/wp\/v2\/posts\/61807","targetHints":{"allow":["GET"]}}],"collection":[{"href":"https:\/\/es.ambagn.staging.e-kaidi.net\/index.php?rest_route=\/wp\/v2\/posts"}],"about":[{"href":"https:\/\/es.ambagn.staging.e-kaidi.net\/index.php?rest_route=\/wp\/v2\/types\/post"}],"author":[{"embeddable":true,"href":"https:\/\/es.ambagn.staging.e-kaidi.net\/index.php?rest_route=\/wp\/v2\/users\/1"}],"replies":[{"embeddable":true,"href":"https:\/\/es.ambagn.staging.e-kaidi.net\/index.php?rest_route=%2Fwp%2Fv2%2Fcomments&post=61807"}],"version-history":[{"count":0,"href":"https:\/\/es.ambagn.staging.e-kaidi.net\/index.php?rest_route=\/wp\/v2\/posts\/61807\/revisions"}],"wp:attachment":[{"href":"https:\/\/es.ambagn.staging.e-kaidi.net\/index.php?rest_route=%2Fwp%2Fv2%2Fmedia&parent=61807"}],"wp:term":[{"taxonomy":"category","embeddable":true,"href":"https:\/\/es.ambagn.staging.e-kaidi.net\/index.php?rest_route=%2Fwp%2Fv2%2Fcategories&post=61807"},{"taxonomy":"post_tag","embeddable":true,"href":"https:\/\/es.ambagn.staging.e-kaidi.net\/index.php?rest_route=%2Fwp%2Fv2%2Ftags&post=61807"}],"curies":[{"name":"wp","href":"https:\/\/api.w.org\/{rel}","templated":true}]}}