{"id":61531,"date":"2023-09-29T08:26:38","date_gmt":"2023-09-29T06:26:38","guid":{"rendered":"https:\/\/es.ambagn.staging.e-kaidi.net\/?p=61531"},"modified":"2023-09-29T08:26:38","modified_gmt":"2023-09-29T06:26:38","slug":"an-65-de-la-guinee-pourquoi-le-pdg-rda-na-pas-celebre-le-28-septembre","status":"publish","type":"post","link":"https:\/\/es.ambagn.staging.e-kaidi.net\/?p=61531","title":{"rendered":"An 65 de la Guin\u00e9e : pourquoi le PDG-RDA n\u2019a pas c\u00e9l\u00e9br\u00e9 le 28 septembre\u2026"},"content":{"rendered":"<div>\n<div style=\"margin-bottom:20px;\"><img width=\"719\" height=\"577\"src=\"https:\/\/i0.wp.com\/mediaguinee.com\/wp-content\/uploads\/2023\/09\/IMG_6634.jpeg?w=719&amp;ssl=1\" class=\"attachment-post-thumbnail size-post-thumbnail wp-post-image\" alt=\"\" decoding=\"async\" srcset=\"https:\/\/i0.wp.com\/mediaguinee.com\/wp-content\/uploads\/2023\/09\/IMG_6634.jpeg?w=719&amp;ssl=1 719w, https:\/\/i0.wp.com\/mediaguinee.com\/wp-content\/uploads\/2023\/09\/IMG_6634.jpeg?resize=300%2C241&amp;ssl=1 300w\" sizes=\"(max-width: 719px) 100vw, 719px\" data-attachment-id=\"240248\" data-permalink=\"https:\/\/mediaguinee.com\/an-65-de-la-guinee-pourquoi-le-pdg-rda-na-pas-celebre-le-28-septembre\/img_6634\/\" data-orig-file=\"https:\/\/i0.wp.com\/mediaguinee.com\/wp-content\/uploads\/2023\/09\/IMG_6634.jpeg?fit=719%2C577&amp;ssl=1\" data-orig-size=\"719,577\" data-comments-opened=\"1\" data-image-meta='{\"aperture\":\"0\",\"credit\":\"\",\"camera\":\"\",\"caption\":\"\",\"created_timestamp\":\"0\",\"copyright\":\"\",\"focal_length\":\"0\",\"iso\":\"0\",\"shutter_speed\":\"0\",\"title\":\"\",\"orientation\":\"1\"}' data-image-title=\"IMG_6634\" data-image-description=\"\" data-image-caption=\"\" data-medium-file=\"https:\/\/i0.wp.com\/mediaguinee.com\/wp-content\/uploads\/2023\/09\/IMG_6634.jpeg?fit=300%2C241&amp;ssl=1\" data-large-file=\"https:\/\/i0.wp.com\/mediaguinee.com\/wp-content\/uploads\/2023\/09\/IMG_6634.jpeg?fit=719%2C577&amp;ssl=1\"><\/div>\n<div dir=\"auto\">La date du 28 septembre de chaque ann\u00e9e est per\u00e7ue comme un rappel de l\u2019histoire pour le peuple de Guin\u00e9e qui a opt\u00e9 en 1958 pour le Non\u00a0\u00bb \u00e0 la domination fran\u00e7aise. 65 ans apr\u00e8s cet acte lib\u00e9rateur du pr\u00e9sident Ahmed Sekou Tour\u00e9, contrairement aux autres ann\u00e9es, le parti r\u00e9volutionnaire PDG-RDA dont il hissait le drapeau n\u2019a pas organis\u00e9 une c\u00e9r\u00e9monie ce 28 septembre 2023.<\/div>\n<div dir=\"auto\"><\/div>\n<div dir=\"auto\" data-removefontsize=\"true\" data-originalcomputedfontsize=\"16\">Pour le secr\u00e9taire g\u00e9n\u00e9ral par int\u00e9rim du Parti D\u00e9mocratique de Guin\u00e9e- Rassemblement D\u00e9mocratique Africain (PDG-RDA), cette d\u00e9cision \u00e9mane du constat de la cons\u00e9cration de la semaine de l\u2019ind\u00e9pendance par les nouvelles autorit\u00e9s qu\u2019il estime \u00eatre une prise de conscience.<\/div>\n<div dir=\"auto\"><\/div>\n<div dir=\"auto\" data-removefontsize=\"true\" data-originalcomputedfontsize=\"16\">\u00abPour cette ann\u00e9e, nous sommes tr\u00e8s heureux de constater la cons\u00e9cration de la semaine de l\u2019ind\u00e9pendance par les nouvelles autorit\u00e9s, le CNRD.<\/div>\n<div dir=\"auto\">D\u2019une part, f\u00eater la semaine de l\u2019ind\u00e9pendance du 28 septembre au 2 octobre est un combat que le PDG-RDA a toujours men\u00e9 en vue de l\u2019appropriation de notre histoire par la nouvelle g\u00e9n\u00e9ration.<\/div>\n<div dir=\"auto\">D\u2019autre part, cette cons\u00e9cration est \u00e9galement une preuve in\u00e9luctable de la prise de conscience historique du Colonel Mamady Doumbouya, Pr\u00e9sident de la transition.<\/div>\n<div dir=\"auto\">C\u2019est pourquoi le PDG-RDA, exceptionnellement, n\u2019organise pas cette ann\u00e9e ses habituelles manifestations pour c\u00e9l\u00e9brer le 28 septembre. Le Parti se confondra dans la dynamique nationale de la semaine de l\u2019ind\u00e9pendance, tout en rendant un hommage particulier au grand Camarade Elhadj Sa\u00effoulaye Diallo, pour les 42 ans de sa disparition\u00bb, a fait savoir Honorable Oy\u00e9 Beavogui \u00e0 cette occasion.<\/div>\n<div dir=\"auto\" data-removefontsize=\"true\" data-originalcomputedfontsize=\"16\">\u00c0 l\u2019entame de cette semaine de citoyennet\u00e9, une c\u00e9r\u00e9monie empreinte d\u2019\u00e9motion a \u00e9t\u00e9 organis\u00e9e au centre islamique de Donka suivi d\u2019un hommage rendu au mausol\u00e9e de feu Ahmed sekou Tour\u00e9 sous les yeux de la famille biologique du Guide r\u00e9volutionnaire, des membres du gouvernement et tous les compagnons de l\u2019ind\u00e9pendance.<\/div>\n<div dir=\"auto\"><\/div>\n<div dir=\"auto\"><b data-removefontsize=\"true\" data-originalcomputedfontsize=\"16\">Mayi Ciss\u00e9\u00a0<\/b><\/div>\n<div dir=\"auto\"><b>\u00a0<\/b><\/div>\n<div dir=\"auto\"><b data-removefontsize=\"true\" data-originalcomputedfontsize=\"16\">623625365<\/b><\/div>\n<p>L\u2019article <a rel=\"nofollow\" href=\"https:\/\/mediaguinee.com\/an-65-de-la-guinee-pourquoi-le-pdg-rda-na-pas-celebre-le-28-septembre\/\">An 65 de la Guin\u00e9e : pourquoi le PDG-RDA n\u2019a pas c\u00e9l\u00e9br\u00e9 le 28 septembre\u2026<\/a> est apparu en premier sur <a rel=\"nofollow\" href=\"https:\/\/mediaguinee.com\/\">Mediaguinee.com<\/a>.<\/p>\n<\/div>\n","protected":false},"excerpt":{"rendered":"<p>La date du 28 septembre de chaque ann\u00e9e est per\u00e7ue comme un rappel de l\u2019histoire pour le peuple de Guin\u00e9e qui a opt\u00e9 en 1958 pour le Non\u00a0\u00bb \u00e0 la domination fran\u00e7aise. 65 ans apr\u00e8s cet acte lib\u00e9rateur du pr\u00e9sident Ahmed Sekou Tour\u00e9, contrairement aux autres ann\u00e9es, le parti r\u00e9volutionnaire PDG-RDA dont il hissait le &hellip;<\/p>\n","protected":false},"author":1,"featured_media":0,"comment_status":"closed","ping_status":"closed","sticky":false,"template":"","format":"standard","meta":{"footnotes":""},"categories":[2],"tags":[23],"class_list":["post-61531","post","type-post","status-publish","format-standard","hentry","category-news","tag-mediaguinee"],"_links":{"self":[{"href":"https:\/\/es.ambagn.staging.e-kaidi.net\/index.php?rest_route=\/wp\/v2\/posts\/61531","targetHints":{"allow":["GET"]}}],"collection":[{"href":"https:\/\/es.ambagn.staging.e-kaidi.net\/index.php?rest_route=\/wp\/v2\/posts"}],"about":[{"href":"https:\/\/es.ambagn.staging.e-kaidi.net\/index.php?rest_route=\/wp\/v2\/types\/post"}],"author":[{"embeddable":true,"href":"https:\/\/es.ambagn.staging.e-kaidi.net\/index.php?rest_route=\/wp\/v2\/users\/1"}],"replies":[{"embeddable":true,"href":"https:\/\/es.ambagn.staging.e-kaidi.net\/index.php?rest_route=%2Fwp%2Fv2%2Fcomments&post=61531"}],"version-history":[{"count":0,"href":"https:\/\/es.ambagn.staging.e-kaidi.net\/index.php?rest_route=\/wp\/v2\/posts\/61531\/revisions"}],"wp:attachment":[{"href":"https:\/\/es.ambagn.staging.e-kaidi.net\/index.php?rest_route=%2Fwp%2Fv2%2Fmedia&parent=61531"}],"wp:term":[{"taxonomy":"category","embeddable":true,"href":"https:\/\/es.ambagn.staging.e-kaidi.net\/index.php?rest_route=%2Fwp%2Fv2%2Fcategories&post=61531"},{"taxonomy":"post_tag","embeddable":true,"href":"https:\/\/es.ambagn.staging.e-kaidi.net\/index.php?rest_route=%2Fwp%2Fv2%2Ftags&post=61531"}],"curies":[{"name":"wp","href":"https:\/\/api.w.org\/{rel}","templated":true}]}}