{"id":61433,"date":"2023-09-27T00:28:57","date_gmt":"2023-09-26T22:28:57","guid":{"rendered":"https:\/\/es.ambagn.staging.e-kaidi.net\/?p=61433"},"modified":"2023-09-27T00:28:57","modified_gmt":"2023-09-26T22:28:57","slug":"aliou-bah-model-passe-au-scanner-le-discours-de-doumbouya-a-lonu-il-navait-pas-besoin-de-venir-taper-du-poing-sur-la-table","status":"publish","type":"post","link":"https:\/\/es.ambagn.staging.e-kaidi.net\/?p=61433","title":{"rendered":"Aliou Bah, MoDeL, passe au scanner le discours de Doumbouya \u00e0 l\u2019ONU: \u00ab\u00a0il n\u2019avait pas besoin de venir taper du poing sur la table\u00a0\u00bb"},"content":{"rendered":"<div>\n<div style=\"margin-bottom:20px;\"><img width=\"1920\" height=\"1073\"src=\"https:\/\/i0.wp.com\/mediaguinee.com\/wp-content\/uploads\/2023\/09\/IMG_6357.jpeg?w=1920&amp;ssl=1\" class=\"attachment-post-thumbnail size-post-thumbnail wp-post-image\" alt=\"\" decoding=\"async\" srcset=\"https:\/\/i0.wp.com\/mediaguinee.com\/wp-content\/uploads\/2023\/09\/IMG_6357.jpeg?w=1920&amp;ssl=1 1920w, https:\/\/i0.wp.com\/mediaguinee.com\/wp-content\/uploads\/2023\/09\/IMG_6357.jpeg?resize=300%2C168&amp;ssl=1 300w, https:\/\/i0.wp.com\/mediaguinee.com\/wp-content\/uploads\/2023\/09\/IMG_6357.jpeg?resize=1024%2C572&amp;ssl=1 1024w, https:\/\/i0.wp.com\/mediaguinee.com\/wp-content\/uploads\/2023\/09\/IMG_6357.jpeg?resize=768%2C429&amp;ssl=1 768w, https:\/\/i0.wp.com\/mediaguinee.com\/wp-content\/uploads\/2023\/09\/IMG_6357.jpeg?resize=1536%2C858&amp;ssl=1 1536w\" sizes=\"(max-width: 1920px) 100vw, 1920px\" data-attachment-id=\"239957\" data-permalink=\"https:\/\/mediaguinee.com\/aliou-bah-president-model-fait-une-piqure-de-rappel-au-cnrd-dire-quon-est-alles-a-la-mort-nous-on-etait-deja-dans-les-placards-dans-les-corbillards\/img_6357\/\" data-orig-file=\"https:\/\/i0.wp.com\/mediaguinee.com\/wp-content\/uploads\/2023\/09\/IMG_6357.jpeg?fit=1920%2C1073&amp;ssl=1\" data-orig-size=\"1920,1073\" data-comments-opened=\"1\" data-image-meta='{\"aperture\":\"2.8\",\"credit\":\"\",\"camera\":\"iPhone 14 Pro Max\",\"caption\":\"\",\"created_timestamp\":\"1695586451\",\"copyright\":\"\",\"focal_length\":\"9\",\"iso\":\"640\",\"shutter_speed\":\"0.025\",\"title\":\"\",\"orientation\":\"1\"}' data-image-title=\"IMG_6357\" data-image-description=\"\" data-image-caption=\"\" data-medium-file=\"https:\/\/i0.wp.com\/mediaguinee.com\/wp-content\/uploads\/2023\/09\/IMG_6357.jpeg?fit=300%2C168&amp;ssl=1\" data-large-file=\"https:\/\/i0.wp.com\/mediaguinee.com\/wp-content\/uploads\/2023\/09\/IMG_6357.jpeg?fit=1024%2C572&amp;ssl=1\"><\/div>\n<p>Depuis New York o\u00f9 il a pr\u00e9sent\u00e9 son livre \u00a0\u00ab\u00a0Agir pour la Guin\u00e9e\u00a0\u00bb, Aliou Bah, pr\u00e9sident du MoDeL (Mouvement d\u00e9mocratique lib\u00e9ral) a pass\u00e9 au scanner le discours \u00e0 l\u2019ONU du pr\u00e9sident de la transition colonel Mamadi Doumbouya et sa r\u00e9ception \u00e0 Conakry.<\/p>\n<blockquote>\n<p><strong>\u00ab J\u2019\u00e9tais tr\u00e8s choqu\u00e9 de voir l\u2019instrumentalisation de la pr\u00e9sence aux Nations Unies du colonel Mamadi Doumbouya par un petit groupe de d\u00e9magogues\u00bb<\/strong><\/p>\n<\/blockquote>\n<p>\u00ab J\u2019\u00e9tais tr\u00e8s choqu\u00e9 de voir l\u2019instrumentalisation de cette pr\u00e9sence aux Nations Unies qui est pr\u00e9sent\u00e9e par un petit groupe de d\u00e9magogues, dont je connais certains autour de lui (Mamadi Doumbouya), comme \u00e9tant aussi exceptionnelle.<\/p>\n<p>\u00a0<\/p>\n<blockquote>\n<p><strong>\u00abSi la Guin\u00e9e avait d\u00e9cid\u00e9 de prendre le chef de mon village pour venir parler en son nom, il serait venu, il aurait eu son temps de parole (..). Personne aussi n\u2019est oblig\u00e9 de rester pour \u00e9couter personne. Mais beaucoup de personnes utilisent la m\u00e9connaissance, l\u2019ignorance et j\u2019ai vu m\u00eame des pancartes, c\u2019est quand m\u00eame honteux. On dit oui, on remercie Antonio Guterres. Remercier quelqu\u2019un pourquoi ?\u00bb<\/strong><\/p>\n<\/blockquote>\n<p>Lorsque les textes qui r\u00e9gissent les Nations Unies donnent clairement \u00e0 tous les membres statutaires des droits de parole \u00e0 la tribune de l\u2019assembl\u00e9e g\u00e9n\u00e9rale, quelque soit celui que vous d\u00e9signez pour venir vous repr\u00e9senter, il n\u2019y a pas de protocole pour dire on l\u2019accepte ou on ne l\u2019accepte pas. (..). Si la Guin\u00e9e avait d\u00e9cid\u00e9 de prendre le chef de mon village pour venir parler en son nom, il serait venu, il aurait eu son temps de parole (..). Personne aussi n\u2019est oblig\u00e9 de rester pour \u00e9couter personne. Mais beaucoup de personnes utilisent la m\u00e9connaissance, l\u2019ignorance et j\u2019ai vu m\u00eame des pancartes, c\u2019est quand m\u00eame honteux. On dit oui, on remercie Antonio Guterres. Remercier quelqu\u2019un pourquoi ? Vous \u00eates membre d\u2019une institution, chaque ann\u00e9e, vous venez, ce n\u2019est pas une nouveaut\u00e9. Alpha Cond\u00e9 \u00e9tait l\u00e0, les autres \u00e9taient l\u00e0 avant eux, \u00e7a se passe tous les jours. Mais, les m\u00eames escrocs qui reviennent encore, qui sortent de l\u2019argent, qui vont avec une d\u00e9l\u00e9gation de combien de ministres. Mais il faut venir avec beaucoup d\u2019humilit\u00e9, vous faites ce que vous avez \u00e0 faire puis, vous repartez sans aucun bruit. C\u2019est ce qui vous grandi. Ce n\u2019est pas le spectacle qu\u2019ils ont offert. Parce que ce spectacle montre d\u00e9j\u00e0 qu\u2019ils sont dans le doute.<\/p>\n<blockquote>\n<p><strong>\u00abLe discours qui allait \u00eatre le plus cr\u00e9dible prononc\u00e9, c\u2019est celui qui parle de l\u2019agenda de la transition\u00bb<\/strong><\/p>\n<\/blockquote>\n<p>Lorsqu\u2019on a envie de s\u2019offrir des bains de foule, on a envie de prouver aux gens qu\u2019on est populaire, en fait, c\u2019est ce qu\u2019on appelle en communication le contre-message (..). Dadis se promenait avec des chars de combat, \u00e7a n\u2019a pas chang\u00e9 son destin. Il est l\u00e0 o\u00f9 il est aujourd\u2019hui. Je crois que Mamadi n\u2019avait pas besoin de tout \u00e7a. Honn\u00eatement, ce n\u2019est pas un spectacle qui fait honneur \u00e0 la Guin\u00e9e. (..).<\/p>\n<blockquote>\n<p><strong>\u00abCeux qui veulent faire du mal \u00e0 la Guin\u00e9e, on les exposera comme on l\u2019avait fait. Les m\u00eames qui se sont battus contre le 3\u00e8 mandat d\u2019Alpha Cond\u00e9, ils ne sont pas morts, ils sont l\u00e0\u00bb<\/strong><\/p>\n<\/blockquote>\n<p>Le discours qui allait \u00eatre le plus cr\u00e9dible prononc\u00e9, c\u2019est celui qui parle de l\u2019agenda de la transition. Les actes qui ont \u00e9t\u00e9 promis, les actes qui ont \u00e9t\u00e9 pos\u00e9s, ce qui reste \u00e0 faire et d\u00e9gager une perspective en rapport avec le retour \u00e0 l\u2019ordre constitutionnel, conform\u00e9ment \u00e0 l\u2019engagement de l\u2019officier militaire guin\u00e9en. C\u2019\u00e9tait la seule fa\u00e7on et je mets au d\u00e9fi pour dire que si j\u2019\u00e9tais de son entourage, son discours devrait \u00eatre r\u00e9dig\u00e9 dans ce sens. Vous n\u2019avez pas besoin de venir taper les poings sur la table. Panafricanisme par-ci, souverainet\u00e9 par-l\u00e0, etc\u2026 (\u2026). Ce n\u2019est pas la d\u00e9mocratie qui est le probl\u00e8me, c\u2019est le fait qu\u2019il n\u2019y ait pas un leadership de qualit\u00e9 qui puisse mettre \u00e7a en application qui pose le probl\u00e8me. L\u2019orientation qui a \u00e9t\u00e9 donn\u00e9e au discours n\u2019\u00e9tait pas la bonne orientation. On ne peut pas venir en tant qu\u2019autorit\u00e9 de transition et ne pas parler de la transition. Dans le sens o\u00f9 il faut ramener le pays \u00e0 un ordre constitutionnel normal. Si c\u2019est pour venir parler de souverainet\u00e9, parler de l\u2019Afrique, mais (\u2026) pour parler au nom d\u2019un peuple ou au nom d\u2019un continent, il faut quand m\u00eame \u00eatre choisi par ce peuple ou par ce continent (\u2026). Tu ne peux pas venir prendre le pouvoir par les armes et parler d\u2019unit\u00e9. La seule fa\u00e7on de rester avec les gens, c\u2019est d\u2019associer le maximum de personnes et de rester humble (\u2026). Mais moi, je ne m\u2019attendais pas mieux parce que je connais ceux qui sont en train de concocter ces genres de choses autour de lui. Je sais que ceux qui lui sifflent chaque matin qu\u2019il peut faire certaines choses encore en Guin\u00e9e. Mais le moment venu, on en parlera, parce que ceux qui veulent faire du mal \u00e0 la Guin\u00e9e, on les exposera comme on l\u2019avait fait. Les m\u00eames qui se sont battus contre le 3\u00e8 mandat d\u2019Alpha Cond\u00e9, ils ne sont pas morts, ils sont l\u00e0 (\u2026). On esp\u00e8re simplement qu\u2019ils vont entendre raison pour \u00e9viter de continuer dans cette direction parce que ce n\u2019est pas bon, ce n\u2019est pas pour eux, ce n\u2019est pas bon pour la Guin\u00e9e (\u2026). Je pense qu\u2019on doit s\u2019\u00e9couter sinon, ce n\u2019est pas bon pour la Guin\u00e9e. Cette transition aurait \u00e9t\u00e9 une bonne opportunit\u00e9 pour tirer les enseignements du pass\u00e9 pour ne pas faire les m\u00eames erreurs mais, tout porte \u00e0 croire que malheureusement, c\u2019est dans cette direction que nous sommes en train d\u2019aller. Je pense que le discours devait se tenir d\u2019une autre fa\u00e7on, avec un autre message. Malheureusement, cela n\u2019est pas le cas. Il y a des risques parce que 2 ans apr\u00e8s, les actes qui devaient \u00eatre pos\u00e9s dans le sens du processus \u00e9lectoral ne sont pas pos\u00e9s. Et, je crois que ce n\u2019est pas en huit (8) mois ou en 1 an qu\u2019on peut rattraper tout le retard qui a \u00e9t\u00e9 accus\u00e9. Et tout le monde sait qu\u2019un potentiel risque de glissement de calendrier, c\u2019est une autre source de probl\u00e8me parce que d\u00e9j\u00e0, il y a eu crise de confiance. Aujourd\u2019hui, on a du mal \u00e0 croire \u00e0 la bonne foi des autorit\u00e9s de la transition (\u2026)\u00a0\u00bb.<\/p>\n<p><strong>Mamadou SACKO, New York, USA<\/strong><\/p>\n<p>L\u2019article <a rel=\"nofollow\" href=\"https:\/\/mediaguinee.com\/aliou-bah-model-passe-au-scanner-le-discours-de-doumbouya-a-lonu-il-navait-pas-besoin-de-venir-taper-du-poing-sur-la-table\/\">Aliou Bah, MoDeL, passe au scanner le discours de Doumbouya \u00e0 l\u2019ONU: \u00ab\u00a0il n\u2019avait pas besoin de venir taper du poing sur la table\u00a0\u00bb<\/a> est apparu en premier sur <a rel=\"nofollow\" href=\"https:\/\/mediaguinee.com\/\">Mediaguinee.com<\/a>.<\/p>\n<\/div>\n","protected":false},"excerpt":{"rendered":"<p>Depuis New York o\u00f9 il a pr\u00e9sent\u00e9 son livre \u00a0\u00ab\u00a0Agir pour la Guin\u00e9e\u00a0\u00bb, Aliou Bah, pr\u00e9sident du MoDeL (Mouvement d\u00e9mocratique lib\u00e9ral) a pass\u00e9 au scanner le discours \u00e0 l\u2019ONU du pr\u00e9sident de la transition colonel Mamadi Doumbouya et sa r\u00e9ception \u00e0 Conakry. \u00ab J\u2019\u00e9tais tr\u00e8s choqu\u00e9 de voir l\u2019instrumentalisation de la pr\u00e9sence aux Nations Unies &hellip;<\/p>\n","protected":false},"author":1,"featured_media":0,"comment_status":"closed","ping_status":"closed","sticky":false,"template":"","format":"standard","meta":{"footnotes":""},"categories":[2],"tags":[23],"class_list":["post-61433","post","type-post","status-publish","format-standard","hentry","category-news","tag-mediaguinee"],"_links":{"self":[{"href":"https:\/\/es.ambagn.staging.e-kaidi.net\/index.php?rest_route=\/wp\/v2\/posts\/61433","targetHints":{"allow":["GET"]}}],"collection":[{"href":"https:\/\/es.ambagn.staging.e-kaidi.net\/index.php?rest_route=\/wp\/v2\/posts"}],"about":[{"href":"https:\/\/es.ambagn.staging.e-kaidi.net\/index.php?rest_route=\/wp\/v2\/types\/post"}],"author":[{"embeddable":true,"href":"https:\/\/es.ambagn.staging.e-kaidi.net\/index.php?rest_route=\/wp\/v2\/users\/1"}],"replies":[{"embeddable":true,"href":"https:\/\/es.ambagn.staging.e-kaidi.net\/index.php?rest_route=%2Fwp%2Fv2%2Fcomments&post=61433"}],"version-history":[{"count":0,"href":"https:\/\/es.ambagn.staging.e-kaidi.net\/index.php?rest_route=\/wp\/v2\/posts\/61433\/revisions"}],"wp:attachment":[{"href":"https:\/\/es.ambagn.staging.e-kaidi.net\/index.php?rest_route=%2Fwp%2Fv2%2Fmedia&parent=61433"}],"wp:term":[{"taxonomy":"category","embeddable":true,"href":"https:\/\/es.ambagn.staging.e-kaidi.net\/index.php?rest_route=%2Fwp%2Fv2%2Fcategories&post=61433"},{"taxonomy":"post_tag","embeddable":true,"href":"https:\/\/es.ambagn.staging.e-kaidi.net\/index.php?rest_route=%2Fwp%2Fv2%2Ftags&post=61433"}],"curies":[{"name":"wp","href":"https:\/\/api.w.org\/{rel}","templated":true}]}}