{"id":28357,"date":"2022-04-17T23:04:22","date_gmt":"2022-04-17T21:04:22","guid":{"rendered":"https:\/\/es.ambagn.staging.e-kaidi.net\/bamako-conakry-doumbouya-se-soucie-de-la-sante-du-marcheur-et-veut-envoyer-une-equipe-pour-laccueillir-a-la-frontiere\/"},"modified":"2022-04-17T23:04:22","modified_gmt":"2022-04-17T21:04:22","slug":"bamako-conakry-doumbouya-se-soucie-de-la-sante-du-marcheur-et-veut-envoyer-une-equipe-pour-laccueillir-a-la-frontiere","status":"publish","type":"post","link":"https:\/\/es.ambagn.staging.e-kaidi.net\/?p=28357","title":{"rendered":"Bamako-Conakry: Doumbouya se soucie de la sant\u00e9 du marcheur et veut envoyer une \u00e9quipe pour l\u2019accueillir \u00e0 la fronti\u00e8re"},"content":{"rendered":"<div>\n<p>C\u2019est une information qui vient de nous parvenir \u00e0 travers un appel re\u00e7u par le concern\u00e9 lui-m\u00eame.<\/p>\n<p>M. S\u00e9kou Salam Tapily, puisque c\u2019est de lui qu\u2019il s\u2019agit, confie\u00a0 que le pr\u00e9sident Mamadi Doumbouya se fait du souci par rapport \u00e0 son \u00e2ge et lui propose de retester \u00e0 la fronti\u00e8re, qu\u2019il va envoyer une \u00e9quipe m\u00e9dicale et la t\u00e9l\u00e9vision pour l\u2019accueillir et le conduire \u00e0 Conakry.\u00a0<\/p>\n<p>Joint au t\u00e9l\u00e9phone , depuis Kouremal\u00e9, la premi\u00e8re ville de la Guin\u00e9e \u00e0 la fronti\u00e8re guin\u00e9o-malienne, le courageux marcheur a dit ceci: \u00ab\u00a0le pr\u00e9sident a appel\u00e9 le ministre des Affaires \u00e9trang\u00e8res Dr Morissanda Kouyat\u00e9 qui a appel\u00e9 aussi notre ambassadeur \u00e0 Conakry de me dire qu\u2019il s\u2019inqui\u00e8te beaucoup de mon \u00e9tat de sant\u00e9 vu mon \u00e2ge. Qu\u2019il veut envoyer une \u00e9quipe m\u00e9dicale et la t\u00e9l\u00e9vision pour m\u2019accueillir ici \u00e0 la fronti\u00e8re et me ramener \u00e0 Conakry. Il faut dire au pr\u00e9sident que merci pour l\u2019initiative, mais de ne pas s\u2019inqui\u00e9ter pour mon \u00e2ge. S\u2019il le fait, c\u2019est que mon abjectif n\u2019est pas atteint. J\u2019ai donn\u00e9 ma vie pour la consolidation de la paix et la solidarit\u00e9 entre les deux peuples. Pour cela, qu\u2019il me laisse marcher jusqu\u2019\u00e0 Conakry, je n\u2019ai pas besoin d\u2019\u00eatre escort\u00e9 ici \u00e0 la fronti\u00e8re. Je suis enti\u00e8rement reconnaissant envers lui mais s\u2019il veut me satisfaire, qu\u2019il me laisse continuer \u00e0 pied, de ne pas regarder mon \u00e2ge mais ma foi, ma d\u00e9termination et l\u2019objectif qui m\u2019anime\u00a0\u00bb.\u00a0<br \/><strong>Moussa Oulen Traor\u00e9<\/strong><\/p>\n<p><strong>+22391895637<\/strong><\/p>\n<p>L\u2019article <a rel=\"nofollow\" href=\"https:\/\/mediaguinee.org\/bamako-conakry-doumbouya-se-soucie-de-la-sante-du-marcheur-et-veut-envoyer-une-equipe-pour-laccueillir-a-la-frontiere\/\">Bamako-Conakry: Doumbouya se soucie de la sant\u00e9 du marcheur et veut envoyer une \u00e9quipe pour l\u2019accueillir \u00e0 la fronti\u00e8re<\/a> est apparu en premier sur <a rel=\"nofollow\" href=\"https:\/\/mediaguinee.org\/\">Mediaguinee.org<\/a>.<\/p>\n<\/div>\n","protected":false},"excerpt":{"rendered":"<p>C\u2019est une information qui vient de nous parvenir \u00e0 travers un appel re\u00e7u par le concern\u00e9 lui-m\u00eame. M. S\u00e9kou Salam Tapily, puisque c\u2019est de lui qu\u2019il s\u2019agit, confie\u00a0 que le pr\u00e9sident Mamadi Doumbouya se fait du souci par rapport \u00e0 son \u00e2ge et lui propose de retester \u00e0 la fronti\u00e8re, qu\u2019il va envoyer une \u00e9quipe &hellip;<\/p>\n","protected":false},"author":1,"featured_media":0,"comment_status":"closed","ping_status":"closed","sticky":false,"template":"","format":"standard","meta":{"footnotes":""},"categories":[2],"tags":[23],"class_list":["post-28357","post","type-post","status-publish","format-standard","hentry","category-news","tag-mediaguinee"],"_links":{"self":[{"href":"https:\/\/es.ambagn.staging.e-kaidi.net\/index.php?rest_route=\/wp\/v2\/posts\/28357","targetHints":{"allow":["GET"]}}],"collection":[{"href":"https:\/\/es.ambagn.staging.e-kaidi.net\/index.php?rest_route=\/wp\/v2\/posts"}],"about":[{"href":"https:\/\/es.ambagn.staging.e-kaidi.net\/index.php?rest_route=\/wp\/v2\/types\/post"}],"author":[{"embeddable":true,"href":"https:\/\/es.ambagn.staging.e-kaidi.net\/index.php?rest_route=\/wp\/v2\/users\/1"}],"replies":[{"embeddable":true,"href":"https:\/\/es.ambagn.staging.e-kaidi.net\/index.php?rest_route=%2Fwp%2Fv2%2Fcomments&post=28357"}],"version-history":[{"count":0,"href":"https:\/\/es.ambagn.staging.e-kaidi.net\/index.php?rest_route=\/wp\/v2\/posts\/28357\/revisions"}],"wp:attachment":[{"href":"https:\/\/es.ambagn.staging.e-kaidi.net\/index.php?rest_route=%2Fwp%2Fv2%2Fmedia&parent=28357"}],"wp:term":[{"taxonomy":"category","embeddable":true,"href":"https:\/\/es.ambagn.staging.e-kaidi.net\/index.php?rest_route=%2Fwp%2Fv2%2Fcategories&post=28357"},{"taxonomy":"post_tag","embeddable":true,"href":"https:\/\/es.ambagn.staging.e-kaidi.net\/index.php?rest_route=%2Fwp%2Fv2%2Ftags&post=28357"}],"curies":[{"name":"wp","href":"https:\/\/api.w.org\/{rel}","templated":true}]}}