{"id":28271,"date":"2022-04-16T23:04:01","date_gmt":"2022-04-16T21:04:01","guid":{"rendered":"https:\/\/es.ambagn.staging.e-kaidi.net\/%f0%9d%97%a3%f0%9d%97%ae%f0%9d%97%b9%f0%9d%97%ae%f0%9d%97%b6%f0%9d%98%80-%f0%9d%97%a0%f0%9d%97%bc%f0%9d%97%b5%f0%9d%97%ae%f0%9d%97%ba%f0%9d%97%ba%f0%9d%97%b2%f0%9d%97%b1-%f0%9d%97%a9-%f0%9d%97%b9\/"},"modified":"2022-04-16T23:04:01","modified_gmt":"2022-04-16T21:04:01","slug":"%f0%9d%97%a3%f0%9d%97%ae%f0%9d%97%b9%f0%9d%97%ae%f0%9d%97%b6%f0%9d%98%80-%f0%9d%97%a0%f0%9d%97%bc%f0%9d%97%b5%f0%9d%97%ae%f0%9d%97%ba%f0%9d%97%ba%f0%9d%97%b2%f0%9d%97%b1-%f0%9d%97%a9-%f0%9d%97%b9","status":"publish","type":"post","link":"https:\/\/es.ambagn.staging.e-kaidi.net\/?p=28271","title":{"rendered":"\ud835\udde3\ud835\uddee\ud835\uddf9\ud835\uddee\ud835\uddf6\ud835\ude00 \ud835\udde0\ud835\uddfc\ud835\uddf5\ud835\uddee\ud835\uddfa\ud835\uddfa\ud835\uddf2\ud835\uddf1 \ud835\udde9 : \ud835\uddf9\ud835\uddf2 \ud835\udde3\ud835\uddff\u00e9\ud835\ude00\ud835\uddf6\ud835\uddf1\ud835\uddf2\ud835\uddfb\ud835\ude01 \ud835\uddf1\ud835\uddf2 \ud835\uddf9\ud835\uddee \ud835\udde7\ud835\uddff\ud835\uddee\ud835\uddfb\ud835\ude00\ud835\uddf6\ud835\ude01\ud835\uddf6\ud835\uddfc\ud835\uddfb \ud835\uddf1\ud835\uddfc\ud835\uddfb\ud835\uddfb\ud835\uddf2 \ud835\uddf9\ud835\uddf2 \ud835\uddf9\ud835\uddee \ud835\uddf1\ud835\ude02 \ud835\uddd6\ud835\uddee\ud835\uddf1\ud835\uddff\ud835\uddf2 \ud835\uddf1\ud835\uddf2 \ud835\uddf0\ud835\uddfc\ud835\uddfb\ud835\uddf0\ud835\uddf2\ud835\uddff\ud835\ude01\ud835\uddee\ud835\ude01\ud835\uddf6\ud835\uddfc\ud835\uddfb \ud835\uddf6\ud835\uddfb\ud835\uddf0\ud835\uddf9\ud835\ude02\ud835\ude00\ud835\uddf6\ud835\uddf3"},"content":{"rendered":"<div>\n<p>Ce vendredi, 15 avril 2022, le chef de l\u2019Etat, le Colonel Mamadi DOUMBOUYA a donn\u00e9 le coup d\u2019envoi du cadre de concertation inclusif, au Palais Mohammed V.<\/p>\n<figure class=\"wp-block-image size-full\"><img loading=\"lazy\" width=\"660\" height=\"440\"src=\"https:\/\/i0.wp.com\/mediaguinee.org\/wp-content\/uploads\/2022\/04\/FB_IMG_1650118028058.jpg?w=1024&amp;ssl=1\" alt=\"\" class=\"wp-image-183644\" srcset=\"https:\/\/i0.wp.com\/mediaguinee.org\/wp-content\/uploads\/2022\/04\/FB_IMG_1650118028058.jpg?w=1024&amp;ssl=1 1024w, https:\/\/i0.wp.com\/mediaguinee.org\/wp-content\/uploads\/2022\/04\/FB_IMG_1650118028058.jpg?resize=300%2C200&amp;ssl=1 300w, https:\/\/i0.wp.com\/mediaguinee.org\/wp-content\/uploads\/2022\/04\/FB_IMG_1650118028058.jpg?resize=768%2C512&amp;ssl=1 768w, https:\/\/i0.wp.com\/mediaguinee.org\/wp-content\/uploads\/2022\/04\/FB_IMG_1650118028058.jpg?resize=435%2C290&amp;ssl=1 435w, https:\/\/i0.wp.com\/mediaguinee.org\/wp-content\/uploads\/2022\/04\/FB_IMG_1650118028058.jpg?resize=150%2C100&amp;ssl=1 150w, https:\/\/i0.wp.com\/mediaguinee.org\/wp-content\/uploads\/2022\/04\/FB_IMG_1650118028058.jpg?resize=370%2C247&amp;ssl=1 370w\" sizes=\"auto, (max-width: 660px) 100vw, 660px\" data-recalc-dims=\"1\"><\/figure>\n<p>Ce cadre de discussion, qui mobilise, entre autres, repr\u00e9sentants du Gouvernement, de partis politiques, de la soci\u00e9t\u00e9 civile, porte sur le contenu de la Transition.<\/p>\n<p>Avant de laisser le Premier ministre, chef du Gouvernement, entamer les \u00e9changes , le pr\u00e9sident de la Transition, le Colonel a, dans son discours inaugural, mis l\u2019occasion \u00e0 profit pour magnifier les vertus du dialogue. Il a aussi invit\u00e9 les forces vives de la nation \u00e0 s\u2019investir r\u00e9solument pour la r\u00e9ussite de ce cadre de concertation.<\/p>\n<figure class=\"wp-block-image size-full\"><img loading=\"lazy\" width=\"660\" height=\"440\"src=\"https:\/\/i0.wp.com\/mediaguinee.org\/wp-content\/uploads\/2022\/04\/FB_IMG_1650118018156.jpg?w=1024&amp;ssl=1\" alt=\"\" class=\"wp-image-183645\" srcset=\"https:\/\/i0.wp.com\/mediaguinee.org\/wp-content\/uploads\/2022\/04\/FB_IMG_1650118018156.jpg?w=1024&amp;ssl=1 1024w, https:\/\/i0.wp.com\/mediaguinee.org\/wp-content\/uploads\/2022\/04\/FB_IMG_1650118018156.jpg?resize=300%2C200&amp;ssl=1 300w, https:\/\/i0.wp.com\/mediaguinee.org\/wp-content\/uploads\/2022\/04\/FB_IMG_1650118018156.jpg?resize=768%2C512&amp;ssl=1 768w, https:\/\/i0.wp.com\/mediaguinee.org\/wp-content\/uploads\/2022\/04\/FB_IMG_1650118018156.jpg?resize=435%2C290&amp;ssl=1 435w, https:\/\/i0.wp.com\/mediaguinee.org\/wp-content\/uploads\/2022\/04\/FB_IMG_1650118018156.jpg?resize=150%2C100&amp;ssl=1 150w, https:\/\/i0.wp.com\/mediaguinee.org\/wp-content\/uploads\/2022\/04\/FB_IMG_1650118018156.jpg?resize=370%2C247&amp;ssl=1 370w\" sizes=\"auto, (max-width: 660px) 100vw, 660px\" data-recalc-dims=\"1\"><\/figure>\n<p>Le Premier Ministre, Chef du Gouvernement, Mohamed B\u00e9avogui s\u2019est, quant \u00e0 lui, f\u00e9licit\u00e9 de l\u2019ouverture de ce cadre de concertation inclusif. D\u00e9plorant l\u2019absence de certaines formations, il s\u2019est engag\u00e9 \u00e0 faire feu de tout bois pour leur retour \u00e0 la table de n\u00e9gociations.<\/p>\n<figure class=\"wp-block-image size-full\"><img loading=\"lazy\" width=\"660\" height=\"440\"src=\"https:\/\/i0.wp.com\/mediaguinee.org\/wp-content\/uploads\/2022\/04\/FB_IMG_1650118033772.jpg?w=1024&amp;ssl=1\" alt=\"\" class=\"wp-image-183646\" srcset=\"https:\/\/i0.wp.com\/mediaguinee.org\/wp-content\/uploads\/2022\/04\/FB_IMG_1650118033772.jpg?w=1024&amp;ssl=1 1024w, https:\/\/i0.wp.com\/mediaguinee.org\/wp-content\/uploads\/2022\/04\/FB_IMG_1650118033772.jpg?resize=300%2C200&amp;ssl=1 300w, https:\/\/i0.wp.com\/mediaguinee.org\/wp-content\/uploads\/2022\/04\/FB_IMG_1650118033772.jpg?resize=768%2C512&amp;ssl=1 768w, https:\/\/i0.wp.com\/mediaguinee.org\/wp-content\/uploads\/2022\/04\/FB_IMG_1650118033772.jpg?resize=435%2C290&amp;ssl=1 435w, https:\/\/i0.wp.com\/mediaguinee.org\/wp-content\/uploads\/2022\/04\/FB_IMG_1650118033772.jpg?resize=150%2C100&amp;ssl=1 150w, https:\/\/i0.wp.com\/mediaguinee.org\/wp-content\/uploads\/2022\/04\/FB_IMG_1650118033772.jpg?resize=370%2C247&amp;ssl=1 370w\" sizes=\"auto, (max-width: 660px) 100vw, 660px\" data-recalc-dims=\"1\"><\/figure>\n<figure class=\"wp-block-image size-full\"><img loading=\"lazy\" width=\"660\" height=\"440\"src=\"https:\/\/i0.wp.com\/mediaguinee.org\/wp-content\/uploads\/2022\/04\/FB_IMG_1650118044299.jpg?w=1024&amp;ssl=1\" alt=\"\" class=\"wp-image-183648\" srcset=\"https:\/\/i0.wp.com\/mediaguinee.org\/wp-content\/uploads\/2022\/04\/FB_IMG_1650118044299.jpg?w=1024&amp;ssl=1 1024w, https:\/\/i0.wp.com\/mediaguinee.org\/wp-content\/uploads\/2022\/04\/FB_IMG_1650118044299.jpg?resize=300%2C200&amp;ssl=1 300w, https:\/\/i0.wp.com\/mediaguinee.org\/wp-content\/uploads\/2022\/04\/FB_IMG_1650118044299.jpg?resize=768%2C512&amp;ssl=1 768w, https:\/\/i0.wp.com\/mediaguinee.org\/wp-content\/uploads\/2022\/04\/FB_IMG_1650118044299.jpg?resize=435%2C290&amp;ssl=1 435w, https:\/\/i0.wp.com\/mediaguinee.org\/wp-content\/uploads\/2022\/04\/FB_IMG_1650118044299.jpg?resize=150%2C100&amp;ssl=1 150w, https:\/\/i0.wp.com\/mediaguinee.org\/wp-content\/uploads\/2022\/04\/FB_IMG_1650118044299.jpg?resize=370%2C247&amp;ssl=1 370w\" sizes=\"auto, (max-width: 660px) 100vw, 660px\" data-recalc-dims=\"1\"><\/figure>\n<p>Il a aussi \u00e9t\u00e9 question pour le Ministre de l\u2019administration du territoire et de la d\u00e9centralisation, de d\u00e9cliner le projet de feuille de route de la Transition. Occasion pour Mory Cond\u00e9, de d\u00e9rouler les grands axes du processus inclusif devant aboutir au retour \u00e0 l\u2019ordre constitutionnel avant d\u2019indiquer que la dur\u00e9e de la Transition est tributaire de l\u2019atteinte de certains objectifs essentiels comme le recensement g\u00e9n\u00e9ral de la population et l\u2019\u00e9tablissement du fichier \u00e9lectoral.<\/p>\n<figure class=\"wp-block-image size-full\"><img loading=\"lazy\" width=\"660\" height=\"440\"src=\"https:\/\/i0.wp.com\/mediaguinee.org\/wp-content\/uploads\/2022\/04\/FB_IMG_1650118037781.jpg?w=1024&amp;ssl=1\" alt=\"\" class=\"wp-image-183649\" srcset=\"https:\/\/i0.wp.com\/mediaguinee.org\/wp-content\/uploads\/2022\/04\/FB_IMG_1650118037781.jpg?w=1024&amp;ssl=1 1024w, https:\/\/i0.wp.com\/mediaguinee.org\/wp-content\/uploads\/2022\/04\/FB_IMG_1650118037781.jpg?resize=300%2C200&amp;ssl=1 300w, https:\/\/i0.wp.com\/mediaguinee.org\/wp-content\/uploads\/2022\/04\/FB_IMG_1650118037781.jpg?resize=768%2C512&amp;ssl=1 768w, https:\/\/i0.wp.com\/mediaguinee.org\/wp-content\/uploads\/2022\/04\/FB_IMG_1650118037781.jpg?resize=435%2C290&amp;ssl=1 435w, https:\/\/i0.wp.com\/mediaguinee.org\/wp-content\/uploads\/2022\/04\/FB_IMG_1650118037781.jpg?resize=150%2C100&amp;ssl=1 150w, https:\/\/i0.wp.com\/mediaguinee.org\/wp-content\/uploads\/2022\/04\/FB_IMG_1650118037781.jpg?resize=370%2C247&amp;ssl=1 370w\" sizes=\"auto, (max-width: 660px) 100vw, 660px\" data-recalc-dims=\"1\"><\/figure>\n<figure class=\"wp-block-image size-full\"><img loading=\"lazy\" width=\"660\" height=\"440\"src=\"https:\/\/i0.wp.com\/mediaguinee.org\/wp-content\/uploads\/2022\/04\/FB_IMG_1650118024383.jpg?w=1024&amp;ssl=1\" alt=\"\" class=\"wp-image-183647\" srcset=\"https:\/\/i0.wp.com\/mediaguinee.org\/wp-content\/uploads\/2022\/04\/FB_IMG_1650118024383.jpg?w=1024&amp;ssl=1 1024w, https:\/\/i0.wp.com\/mediaguinee.org\/wp-content\/uploads\/2022\/04\/FB_IMG_1650118024383.jpg?resize=300%2C200&amp;ssl=1 300w, https:\/\/i0.wp.com\/mediaguinee.org\/wp-content\/uploads\/2022\/04\/FB_IMG_1650118024383.jpg?resize=768%2C512&amp;ssl=1 768w, https:\/\/i0.wp.com\/mediaguinee.org\/wp-content\/uploads\/2022\/04\/FB_IMG_1650118024383.jpg?resize=435%2C290&amp;ssl=1 435w, https:\/\/i0.wp.com\/mediaguinee.org\/wp-content\/uploads\/2022\/04\/FB_IMG_1650118024383.jpg?resize=150%2C100&amp;ssl=1 150w, https:\/\/i0.wp.com\/mediaguinee.org\/wp-content\/uploads\/2022\/04\/FB_IMG_1650118024383.jpg?resize=370%2C247&amp;ssl=1 370w\" sizes=\"auto, (max-width: 660px) 100vw, 660px\" data-recalc-dims=\"1\"><\/figure>\n<p>Les repr\u00e9sentants des diff\u00e9rentes coalitions politiques, ainsi que ceux des structures fa\u00eeti\u00e8res de la Soci\u00e9t\u00e9 Civile, ont, \u00e0 tour de r\u00f4le, donn\u00e9 leur avis sur le cadre de concertation inclusif dont ils souhaitent tous, la r\u00e9ussite pour le bien de l\u2019ensemble des Guin\u00e9ens.<\/p>\n<p>\ud835\uddd7\ud835\uddd6\ud835\udddc-\ud835\udde3\ud835\udde5\ud835\uddda<\/p>\n<p>L\u2019article <a rel=\"nofollow\" href=\"https:\/\/mediaguinee.org\/%F0%9D%97%A3%F0%9D%97%AE%F0%9D%97%B9%F0%9D%97%AE%F0%9D%97%B6%F0%9D%98%80-%F0%9D%97%A0%F0%9D%97%BC%F0%9D%97%B5%F0%9D%97%AE%F0%9D%97%BA%F0%9D%97%BA%F0%9D%97%B2%F0%9D%97%B1-%F0%9D%97%A9-%F0%9D%97%B9\/\">\ud835\udde3\ud835\uddee\ud835\uddf9\ud835\uddee\ud835\uddf6\ud835\ude00 \ud835\udde0\ud835\uddfc\ud835\uddf5\ud835\uddee\ud835\uddfa\ud835\uddfa\ud835\uddf2\ud835\uddf1 \ud835\udde9 : \ud835\uddf9\ud835\uddf2 \ud835\udde3\ud835\uddff\u00e9\ud835\ude00\ud835\uddf6\ud835\uddf1\ud835\uddf2\ud835\uddfb\ud835\ude01 \ud835\uddf1\ud835\uddf2 \ud835\uddf9\ud835\uddee \ud835\udde7\ud835\uddff\ud835\uddee\ud835\uddfb\ud835\ude00\ud835\uddf6\ud835\ude01\ud835\uddf6\ud835\uddfc\ud835\uddfb \ud835\uddf1\ud835\uddfc\ud835\uddfb\ud835\uddfb\ud835\uddf2 \ud835\uddf9\ud835\uddf2 \ud835\uddf9\ud835\uddee \ud835\uddf1\ud835\ude02 \ud835\uddd6\ud835\uddee\ud835\uddf1\ud835\uddff\ud835\uddf2 \ud835\uddf1\ud835\uddf2 \ud835\uddf0\ud835\uddfc\ud835\uddfb\ud835\uddf0\ud835\uddf2\ud835\uddff\ud835\ude01\ud835\uddee\ud835\ude01\ud835\uddf6\ud835\uddfc\ud835\uddfb \ud835\uddf6\ud835\uddfb\ud835\uddf0\ud835\uddf9\ud835\ude02\ud835\ude00\ud835\uddf6\ud835\uddf3<\/a> est apparu en premier sur <a rel=\"nofollow\" href=\"https:\/\/mediaguinee.org\/\">Mediaguinee.org<\/a>.<\/p>\n<\/div>\n","protected":false},"excerpt":{"rendered":"<p>Ce vendredi, 15 avril 2022, le chef de l\u2019Etat, le Colonel Mamadi DOUMBOUYA a donn\u00e9 le coup d\u2019envoi du cadre de concertation inclusif, au Palais Mohammed V. Ce cadre de discussion, qui mobilise, entre autres, repr\u00e9sentants du Gouvernement, de partis politiques, de la soci\u00e9t\u00e9 civile, porte sur le contenu de la Transition. Avant de laisser &hellip;<\/p>\n","protected":false},"author":1,"featured_media":0,"comment_status":"closed","ping_status":"closed","sticky":false,"template":"","format":"standard","meta":{"footnotes":""},"categories":[2],"tags":[23],"class_list":["post-28271","post","type-post","status-publish","format-standard","hentry","category-news","tag-mediaguinee"],"_links":{"self":[{"href":"https:\/\/es.ambagn.staging.e-kaidi.net\/index.php?rest_route=\/wp\/v2\/posts\/28271","targetHints":{"allow":["GET"]}}],"collection":[{"href":"https:\/\/es.ambagn.staging.e-kaidi.net\/index.php?rest_route=\/wp\/v2\/posts"}],"about":[{"href":"https:\/\/es.ambagn.staging.e-kaidi.net\/index.php?rest_route=\/wp\/v2\/types\/post"}],"author":[{"embeddable":true,"href":"https:\/\/es.ambagn.staging.e-kaidi.net\/index.php?rest_route=\/wp\/v2\/users\/1"}],"replies":[{"embeddable":true,"href":"https:\/\/es.ambagn.staging.e-kaidi.net\/index.php?rest_route=%2Fwp%2Fv2%2Fcomments&post=28271"}],"version-history":[{"count":0,"href":"https:\/\/es.ambagn.staging.e-kaidi.net\/index.php?rest_route=\/wp\/v2\/posts\/28271\/revisions"}],"wp:attachment":[{"href":"https:\/\/es.ambagn.staging.e-kaidi.net\/index.php?rest_route=%2Fwp%2Fv2%2Fmedia&parent=28271"}],"wp:term":[{"taxonomy":"category","embeddable":true,"href":"https:\/\/es.ambagn.staging.e-kaidi.net\/index.php?rest_route=%2Fwp%2Fv2%2Fcategories&post=28271"},{"taxonomy":"post_tag","embeddable":true,"href":"https:\/\/es.ambagn.staging.e-kaidi.net\/index.php?rest_route=%2Fwp%2Fv2%2Ftags&post=28271"}],"curies":[{"name":"wp","href":"https:\/\/api.w.org\/{rel}","templated":true}]}}