{"id":113328,"date":"2026-04-28T23:04:37","date_gmt":"2026-04-28T21:04:37","guid":{"rendered":"https:\/\/es.ambagn.staging.e-kaidi.net\/?p=113328"},"modified":"2026-04-28T23:04:37","modified_gmt":"2026-04-28T21:04:37","slug":"conakry-le-projet-du-cinema-center-officiellement-lance-entre-memoire-et-ambition-culturelle","status":"publish","type":"post","link":"https:\/\/es.ambagn.staging.e-kaidi.net\/?p=113328","title":{"rendered":"Conakry : le projet du Cin\u00e9ma Center officiellement lanc\u00e9, entre m\u00e9moire et ambition culturelle"},"content":{"rendered":"<div>\n<div style=\"margin-bottom:20px;\"><img width=\"1080\" height=\"607\"src=\"https:\/\/i0.wp.com\/www.guinee7.com\/wp-content\/uploads\/2026\/04\/IMG-20260428-WA0120-1.jpg?w=1080&amp;ssl=1\" class=\"attachment-post-thumbnail size-post-thumbnail wp-post-image\" alt=\"\" decoding=\"async\" loading=\"lazy\" srcset=\"https:\/\/i0.wp.com\/www.guinee7.com\/wp-content\/uploads\/2026\/04\/IMG-20260428-WA0120-1.jpg?w=1080&amp;ssl=1 1080w, https:\/\/i0.wp.com\/www.guinee7.com\/wp-content\/uploads\/2026\/04\/IMG-20260428-WA0120-1.jpg?resize=300%2C169&amp;ssl=1 300w, https:\/\/i0.wp.com\/www.guinee7.com\/wp-content\/uploads\/2026\/04\/IMG-20260428-WA0120-1.jpg?resize=1024%2C576&amp;ssl=1 1024w, https:\/\/i0.wp.com\/www.guinee7.com\/wp-content\/uploads\/2026\/04\/IMG-20260428-WA0120-1.jpg?resize=768%2C432&amp;ssl=1 768w\" sizes=\"auto, (max-width: 1080px) 100vw, 1080px\"><\/div>\n<p>La pose de la premi\u00e8re pierre du futur Cin\u00e9ma Center de Guin\u00e9e a eu lieu ce mardi 28 avril 2026 aupr\u00e8s du pont 8 novembre \u00e0 Conakry, en pr\u00e9sence des autorit\u00e9s et des acteurs du secteur culturel. \u00c0 cette occasion, plusieurs intervenants ont mis en avant la port\u00e9e symbolique et \u00e9conomique de ce projet structurant.<\/p>\n<p><img data-recalc-dims=\"1\" loading=\"lazy\" decoding=\"async\" class=\"aligncenter size-full wp-image-129026\"src=\"https:\/\/i0.wp.com\/www.guinee7.com\/wp-content\/uploads\/2026\/04\/IMG-20260428-WA0103.jpg?w=1020&amp;ssl=1\" alt=\"\" width=\"1020\" height=\"574\" srcset=\"https:\/\/i0.wp.com\/www.guinee7.com\/wp-content\/uploads\/2026\/04\/IMG-20260428-WA0103.jpg?w=1020&amp;ssl=1 1020w, https:\/\/i0.wp.com\/www.guinee7.com\/wp-content\/uploads\/2026\/04\/IMG-20260428-WA0103.jpg?resize=300%2C169&amp;ssl=1 300w, https:\/\/i0.wp.com\/www.guinee7.com\/wp-content\/uploads\/2026\/04\/IMG-20260428-WA0103.jpg?resize=768%2C432&amp;ssl=1 768w\" sizes=\"auto, (max-width: 1020px) 100vw, 1020px\"><\/p>\n<p>Prenant la parole au nom de l\u2019investisseur Hongsheng International Guin\u00e9e et de l\u2019entreprise en charge des travaux, CRBC, un repr\u00e9sentant a salu\u00e9 l\u2019appui des autorit\u00e9s guin\u00e9ennes. Il a notamment d\u00e9clar\u00e9 : \u00ab au nom de l\u2019investisseur, la soci\u00e9t\u00e9 Hongsheng International Guin\u00e9e, et de l\u2019entreprise en charge des travaux, China Road and Bridge Corporation (CRBC), je tiens \u00e0 exprimer notre profonde reconnaissance \u00e0 Son Excellence le Pr\u00e9sident de la R\u00e9publique, Mamadi Doumbouya, pour son leadership, ainsi qu\u2019au Premier ministre et \u00e0 l\u2019ensemble du gouvernement guin\u00e9en pour leur confiance et leur soutien. \u00bb<\/p>\n<p><img data-recalc-dims=\"1\" loading=\"lazy\" decoding=\"async\" class=\"aligncenter size-full wp-image-129027\"src=\"https:\/\/i0.wp.com\/www.guinee7.com\/wp-content\/uploads\/2026\/04\/IMG-20260428-WA0081.jpg?w=1020&amp;ssl=1\" alt=\"\" width=\"1020\" height=\"574\" srcset=\"https:\/\/i0.wp.com\/www.guinee7.com\/wp-content\/uploads\/2026\/04\/IMG-20260428-WA0081.jpg?w=1020&amp;ssl=1 1020w, https:\/\/i0.wp.com\/www.guinee7.com\/wp-content\/uploads\/2026\/04\/IMG-20260428-WA0081.jpg?resize=300%2C169&amp;ssl=1 300w, https:\/\/i0.wp.com\/www.guinee7.com\/wp-content\/uploads\/2026\/04\/IMG-20260428-WA0081.jpg?resize=768%2C432&amp;ssl=1 768w\" sizes=\"auto, (max-width: 1020px) 100vw, 1020px\"><\/p>\n<p>Insistant sur l\u2019importance du projet, il a ajout\u00e9 : \u00ab le projet du Cin\u00e9ma Center de Guin\u00e9e ambitionne d\u2019\u00eatre un moteur de la modernisation urbaine de Conakry. Il joue un r\u00f4le important de promouvoir la culture du cin\u00e9ma et enrichir la vie culturelle de la population. \u00bb Avant de rassurer sur les engagements pris : \u00ab nous nous engageons \u00e0 respecter les plus hauts standards, \u00e0 garantir, la qualit\u00e9, la s\u00e9curit\u00e9 et le respect des d\u00e9lais afin de livrer un projet exemplaire. \u00bb<\/p>\n<p><img data-recalc-dims=\"1\" loading=\"lazy\" decoding=\"async\" class=\"aligncenter size-full wp-image-129028\"src=\"https:\/\/i0.wp.com\/www.guinee7.com\/wp-content\/uploads\/2026\/04\/IMG-20260428-WA0112.jpg?w=1020&amp;ssl=1\" alt=\"\" width=\"1020\" height=\"574\" srcset=\"https:\/\/i0.wp.com\/www.guinee7.com\/wp-content\/uploads\/2026\/04\/IMG-20260428-WA0112.jpg?w=1020&amp;ssl=1 1020w, https:\/\/i0.wp.com\/www.guinee7.com\/wp-content\/uploads\/2026\/04\/IMG-20260428-WA0112.jpg?resize=300%2C169&amp;ssl=1 300w, https:\/\/i0.wp.com\/www.guinee7.com\/wp-content\/uploads\/2026\/04\/IMG-20260428-WA0112.jpg?resize=768%2C432&amp;ssl=1 768w\" sizes=\"auto, (max-width: 1020px) 100vw, 1020px\"><\/p>\n<p>Au nom des cin\u00e9astes, Mohamed Lamine Camara est revenu sur l\u2019histoire du site, anciennement Cin\u00e9ma Libert\u00e9. Il a confi\u00e9 : \u00ab cette salle est une salle Mythique. Monsieur le Pr\u00e9sident Ahmed S\u00e9kou Tour\u00e9 a vu des films \u00e0 l\u2019int\u00e9rieur. Le G\u00e9n\u00e9ral Lansana Cont\u00e9 a vu des films \u00e0 l\u2019int\u00e9rieur. \u00bb \u00c9voquant son parcours personnel, il a ajout\u00e9 : \u00ab moi-m\u00eame quand j\u2019etais enfant, je lavais cette salle, parce que je n\u2019avais pas d\u2019argent pour voir les films. \u00bb<\/p>\n<p>L\u2019ancien directeur de l\u2019ONACIG a \u00e9galement rappel\u00e9 son combat pour la pr\u00e9servation du lieu : \u00ab j\u2019ai fait plus de 10 ans de bataille pour que cette salle ne sorte pas du portefeuille de l\u2019ONACIG. J\u2019ai toujours voulu que cette salle soit r\u00e9habilit\u00e9e. \u00bb Avant d\u2019exprimer sa satisfaction : \u00ab aujourd\u2019hui, je me rend compte que je ne me suis pas battu pour rien. \u00bb<\/p>\n<p><img data-recalc-dims=\"1\" loading=\"lazy\" decoding=\"async\" class=\"aligncenter size-full wp-image-129029\"src=\"https:\/\/i0.wp.com\/www.guinee7.com\/wp-content\/uploads\/2026\/04\/IMG-20260428-WA0084.jpg?w=1020&amp;ssl=1\" alt=\"\" width=\"1020\" height=\"574\" srcset=\"https:\/\/i0.wp.com\/www.guinee7.com\/wp-content\/uploads\/2026\/04\/IMG-20260428-WA0084.jpg?w=1020&amp;ssl=1 1020w, https:\/\/i0.wp.com\/www.guinee7.com\/wp-content\/uploads\/2026\/04\/IMG-20260428-WA0084.jpg?resize=300%2C169&amp;ssl=1 300w, https:\/\/i0.wp.com\/www.guinee7.com\/wp-content\/uploads\/2026\/04\/IMG-20260428-WA0084.jpg?resize=768%2C432&amp;ssl=1 768w\" sizes=\"auto, (max-width: 1020px) 100vw, 1020px\"><\/p>\n<p>Dans son discours, le ministre de la Culture, Moussa Mo\u00efse Sylla, a soulign\u00e9 la port\u00e9e historique de l\u2019\u00e9v\u00e9nement : \u00ab c\u2019est avec un profond sentiment d\u2019honneur et de responsabilit\u00e9 que je prends la parole en ce jour historique, marqu\u00e9 par la pose de la premi\u00e8re pierre du Cin\u00e9ma Center de Guin\u00e9e. \u00bb Il a insist\u00e9 sur la dimension symbolique du site : \u00ab le site qui nous accueille aujourd\u2019hui n\u2019est pas un espace ordinaire. Il est porteur de m\u00e9moire, de symboles et d\u2019histoire. \u00bb<\/p>\n<p>\u00c9voquant les enjeux du secteur, il a affirm\u00e9 : \u00ab le cin\u00e9ma, en tant que septi\u00e8me art, occupe une place strat\u00e9gique dans le d\u00e9veloppement des industries culturelles et cr\u00e9atives. \u00bb Avant de pr\u00e9senter la vision du projet : \u00ab aujourd\u2019hui, en posant cette premi\u00e8re pierre, nous ne faisons pas que d\u00e9marrer un chantier. Nous engageons un acte de renaissance culturelle. \u00bb<\/p>\n<p><img data-recalc-dims=\"1\" loading=\"lazy\" decoding=\"async\" class=\"aligncenter size-full wp-image-129030\"src=\"https:\/\/i0.wp.com\/www.guinee7.com\/wp-content\/uploads\/2026\/04\/IMG-20260428-WA0093.jpg?w=1020&amp;ssl=1\" alt=\"\" width=\"1020\" height=\"574\" srcset=\"https:\/\/i0.wp.com\/www.guinee7.com\/wp-content\/uploads\/2026\/04\/IMG-20260428-WA0093.jpg?w=1020&amp;ssl=1 1020w, https:\/\/i0.wp.com\/www.guinee7.com\/wp-content\/uploads\/2026\/04\/IMG-20260428-WA0093.jpg?resize=300%2C169&amp;ssl=1 300w, https:\/\/i0.wp.com\/www.guinee7.com\/wp-content\/uploads\/2026\/04\/IMG-20260428-WA0093.jpg?resize=768%2C432&amp;ssl=1 768w\" sizes=\"auto, (max-width: 1020px) 100vw, 1020px\"> <img data-recalc-dims=\"1\" loading=\"lazy\" decoding=\"async\" class=\"aligncenter size-full wp-image-129031\"src=\"https:\/\/i0.wp.com\/www.guinee7.com\/wp-content\/uploads\/2026\/04\/IMG-20260428-WA0096.jpg?w=1020&amp;ssl=1\" alt=\"\" width=\"1020\" height=\"574\" srcset=\"https:\/\/i0.wp.com\/www.guinee7.com\/wp-content\/uploads\/2026\/04\/IMG-20260428-WA0096.jpg?w=1020&amp;ssl=1 1020w, https:\/\/i0.wp.com\/www.guinee7.com\/wp-content\/uploads\/2026\/04\/IMG-20260428-WA0096.jpg?resize=300%2C169&amp;ssl=1 300w, https:\/\/i0.wp.com\/www.guinee7.com\/wp-content\/uploads\/2026\/04\/IMG-20260428-WA0096.jpg?resize=768%2C432&amp;ssl=1 768w\" sizes=\"auto, (max-width: 1020px) 100vw, 1020px\"><\/p>\n<p>Cl\u00f4turant la c\u00e9r\u00e9monie, le Premier ministre Amadou Oury Bah a, quant \u00e0 lui, mis en avant les perspectives urbaines et \u00e9conomiques li\u00e9es au projet. Il a notamment sugg\u00e9r\u00e9 : \u00ab il serait bon de r\u00e9fl\u00e9chir au nom de Bapt\u00eame du cin\u00e9ma Center de Conakry. \u00bb<\/p>\n<p>Revenant sur l\u2019\u00e9volution attendue du site, il a d\u00e9clar\u00e9 : \u00ab c\u2019est une r\u00e9volution, une r\u00e9volution urbaine en perspective. \u00bb Avant d\u2019appeler \u00e0 l\u2019ambition dans le secteur : \u00ab Actuellement, dans le monde, apr\u00e8s Hollywood, on a Bollywood, on a Nollywood. Qu\u2019est-ce qu\u2019il en sera en Guin\u00e9e dans les ann\u00e9es \u00e0 venir ? \u00bb<\/p>\n<p>Enfin, il a lanc\u00e9 un message aux acteurs \u00e9conomiques : \u00ab secteur priv\u00e9 guin\u00e9en, r\u00e9veillez-vous. Voyez le monde qui change, ins\u00e9rez-vous dans cet interstice pour ne pas \u00eatre en retard. \u00bb<\/p>\n<p><img data-recalc-dims=\"1\" loading=\"lazy\" decoding=\"async\" class=\"aligncenter size-full wp-image-129032\"src=\"https:\/\/i0.wp.com\/www.guinee7.com\/wp-content\/uploads\/2026\/04\/IMG-20260428-WA0124.jpg?w=1020&amp;ssl=1\" alt=\"\" width=\"1020\" height=\"574\" srcset=\"https:\/\/i0.wp.com\/www.guinee7.com\/wp-content\/uploads\/2026\/04\/IMG-20260428-WA0124.jpg?w=1020&amp;ssl=1 1020w, https:\/\/i0.wp.com\/www.guinee7.com\/wp-content\/uploads\/2026\/04\/IMG-20260428-WA0124.jpg?resize=300%2C169&amp;ssl=1 300w, https:\/\/i0.wp.com\/www.guinee7.com\/wp-content\/uploads\/2026\/04\/IMG-20260428-WA0124.jpg?resize=768%2C432&amp;ssl=1 768w\" sizes=\"auto, (max-width: 1020px) 100vw, 1020px\"><\/p>\n<p>Pr\u00e9vu pour 2028, le Cin\u00e9ma Center de Guin\u00e9e devrait devenir un nouveau rep\u00e8re \u00e0 Conakry, combinant salles de projection modernes, espaces culturels, commerces et logements, avec l\u2019ambition de relancer durablement l\u2019industrie cin\u00e9matographique nationale.<\/p>\n<p><strong>Abdoul Lory Sylla pour guinee7.com\u00a0<\/strong><\/p>\n<p>L\u2019article <a href=\"https:\/\/www.guinee7.com\/2026\/04\/28\/culture-guinee-moussa-moise-sylla-cinema-center-amadou-oury-bah\/\">Conakry : le projet du Cin\u00e9ma Center officiellement lanc\u00e9, entre m\u00e9moire et ambition culturelle<\/a> est apparu en premier sur <a href=\"https:\/\/www.guinee7.com\/\">Guinee7.com<\/a>.<\/p>\n<\/div>\n","protected":false},"excerpt":{"rendered":"<p>La pose de la premi\u00e8re pierre du futur Cin\u00e9ma Center de Guin\u00e9e a eu lieu ce mardi 28 avril 2026 aupr\u00e8s du pont 8 novembre \u00e0 Conakry, en pr\u00e9sence des autorit\u00e9s et des acteurs du secteur culturel. \u00c0 cette occasion, plusieurs intervenants ont mis en avant la port\u00e9e symbolique et \u00e9conomique de ce projet structurant. &hellip;<\/p>\n","protected":false},"author":1,"featured_media":0,"comment_status":"closed","ping_status":"closed","sticky":false,"template":"","format":"standard","meta":{"footnotes":""},"categories":[2],"tags":[22],"class_list":["post-113328","post","type-post","status-publish","format-standard","hentry","category-news","tag-guinee7"],"_links":{"self":[{"href":"https:\/\/es.ambagn.staging.e-kaidi.net\/index.php?rest_route=\/wp\/v2\/posts\/113328","targetHints":{"allow":["GET"]}}],"collection":[{"href":"https:\/\/es.ambagn.staging.e-kaidi.net\/index.php?rest_route=\/wp\/v2\/posts"}],"about":[{"href":"https:\/\/es.ambagn.staging.e-kaidi.net\/index.php?rest_route=\/wp\/v2\/types\/post"}],"author":[{"embeddable":true,"href":"https:\/\/es.ambagn.staging.e-kaidi.net\/index.php?rest_route=\/wp\/v2\/users\/1"}],"replies":[{"embeddable":true,"href":"https:\/\/es.ambagn.staging.e-kaidi.net\/index.php?rest_route=%2Fwp%2Fv2%2Fcomments&post=113328"}],"version-history":[{"count":0,"href":"https:\/\/es.ambagn.staging.e-kaidi.net\/index.php?rest_route=\/wp\/v2\/posts\/113328\/revisions"}],"wp:attachment":[{"href":"https:\/\/es.ambagn.staging.e-kaidi.net\/index.php?rest_route=%2Fwp%2Fv2%2Fmedia&parent=113328"}],"wp:term":[{"taxonomy":"category","embeddable":true,"href":"https:\/\/es.ambagn.staging.e-kaidi.net\/index.php?rest_route=%2Fwp%2Fv2%2Fcategories&post=113328"},{"taxonomy":"post_tag","embeddable":true,"href":"https:\/\/es.ambagn.staging.e-kaidi.net\/index.php?rest_route=%2Fwp%2Fv2%2Ftags&post=113328"}],"curies":[{"name":"wp","href":"https:\/\/api.w.org\/{rel}","templated":true}]}}