{"id":113097,"date":"2026-04-26T23:22:52","date_gmt":"2026-04-26T21:22:52","guid":{"rendered":"https:\/\/es.ambagn.staging.e-kaidi.net\/?p=113097"},"modified":"2026-04-26T23:22:52","modified_gmt":"2026-04-26T21:22:52","slug":"mali-larmee-renforce-lalerte-apres-des-attaques-terroristes-coordonnees","status":"publish","type":"post","link":"https:\/\/es.ambagn.staging.e-kaidi.net\/?p=113097","title":{"rendered":"Mali : l\u2019arm\u00e9e renforce l\u2019alerte apr\u00e8s des attaques terroristes coordonn\u00e9es"},"content":{"rendered":"<div>\n<div style=\"margin-bottom:20px;\"><img width=\"604\" height=\"340\"src=\"https:\/\/i0.wp.com\/www.guinee7.com\/wp-content\/uploads\/2026\/04\/op0fkghiqwe.jpg?w=604&amp;ssl=1\" class=\"attachment-post-thumbnail size-post-thumbnail wp-post-image\" alt=\"\" decoding=\"async\" loading=\"lazy\" srcset=\"https:\/\/i0.wp.com\/www.guinee7.com\/wp-content\/uploads\/2026\/04\/op0fkghiqwe.jpg?w=604&amp;ssl=1 604w, https:\/\/i0.wp.com\/www.guinee7.com\/wp-content\/uploads\/2026\/04\/op0fkghiqwe.jpg?resize=300%2C169&amp;ssl=1 300w\" sizes=\"auto, (max-width: 604px) 100vw, 604px\"><\/div>\n<p>L\u2019\u00c9tat-Major G\u00e9n\u00e9ral des Arm\u00e9es (EMGA) du Mali a annonc\u00e9, dans un communiqu\u00e9 officiel publi\u00e9 le 26 avril 2026, la poursuite active des op\u00e9rations contre les groupes arm\u00e9s terroristes sur plusieurs fronts, notamment \u00e0 Kidal, Kati et dans d\u2019autres localit\u00e9s du pays.<\/p>\n<p>Selon l\u2019arm\u00e9e malienne, les attaques survenues le samedi 25 avril 2026 visaient clairement \u00e0 d\u00e9stabiliser le syst\u00e8me de d\u00e9fense nationale, semer la peur au sein des populations et instaurer un climat de chaos. Face \u00e0 cette situation, l\u2019EMGA assure que ces actions \u00ab ne resteront pas sans r\u00e9ponses \u00bb.<\/p>\n<p>En r\u00e9action imm\u00e9diate, les autorit\u00e9s militaires ont d\u00e9cid\u00e9 de relever le niveau d\u2019alerte sur l\u2019ensemble du territoire. Des mesures s\u00e9curitaires renforc\u00e9es ont \u00e9t\u00e9 d\u00e9ploy\u00e9es, incluant l\u2019instauration de couvre-feux dans certaines zones sensibles, l\u2019intensification des patrouilles de grande envergure et le renforcement des points de contr\u00f4le afin d\u2019assurer une surveillance accrue.<\/p>\n<p>L\u2019arm\u00e9e se veut toutefois rassurante. Elle affirme que les Forces arm\u00e9es maliennes (FAMa) restent pleinement engag\u00e9es et d\u00e9termin\u00e9es \u00e0 d\u00e9fendre l\u2019int\u00e9grit\u00e9 du territoire national et \u00e0 garantir la s\u00e9curit\u00e9 des citoyens.<\/p>\n<p>Dans son communiqu\u00e9, l\u2019\u00c9tat-Major a \u00e9galement salu\u00e9 la r\u00e9activit\u00e9 et la combativit\u00e9 des forces de d\u00e9fense et de s\u00e9curit\u00e9, tout en les exhortant \u00e0 maintenir un haut niveau de vigilance face \u00e0 la menace persistante.<\/p>\n<p>Par ailleurs, les populations sont appel\u00e9es \u00e0 jouer un r\u00f4le crucial dans ce contexte s\u00e9curitaire tendu. L\u2019arm\u00e9e les invite \u00e0 redoubler de vigilance et \u00e0 signaler toute activit\u00e9 suspecte aux autorit\u00e9s comp\u00e9tentes, tout en saluant leur soutien et leur coop\u00e9ration.<\/p>\n<p>\u00ab Unis, nous vaincrons \u00bb, conclut le communiqu\u00e9, traduisant la volont\u00e9 des autorit\u00e9s militaires de faire bloc face \u00e0 l\u2019ins\u00e9curit\u00e9.<\/p>\n<p><img data-recalc-dims=\"1\" loading=\"lazy\" decoding=\"async\" class=\"aligncenter size-full wp-image-128931\"src=\"https:\/\/i0.wp.com\/www.guinee7.com\/wp-content\/uploads\/2026\/04\/FB_IMG_1777209706966.jpg?w=1155&amp;ssl=1\" alt=\"\" width=\"1155\" height=\"1600\" srcset=\"https:\/\/i0.wp.com\/www.guinee7.com\/wp-content\/uploads\/2026\/04\/FB_IMG_1777209706966.jpg?w=1155&amp;ssl=1 1155w, https:\/\/i0.wp.com\/www.guinee7.com\/wp-content\/uploads\/2026\/04\/FB_IMG_1777209706966.jpg?resize=217%2C300&amp;ssl=1 217w, https:\/\/i0.wp.com\/www.guinee7.com\/wp-content\/uploads\/2026\/04\/FB_IMG_1777209706966.jpg?resize=739%2C1024&amp;ssl=1 739w, https:\/\/i0.wp.com\/www.guinee7.com\/wp-content\/uploads\/2026\/04\/FB_IMG_1777209706966.jpg?resize=768%2C1064&amp;ssl=1 768w, https:\/\/i0.wp.com\/www.guinee7.com\/wp-content\/uploads\/2026\/04\/FB_IMG_1777209706966.jpg?resize=1109%2C1536&amp;ssl=1 1109w\" sizes=\"auto, (max-width: 1155px) 100vw, 1155px\"><\/p>\n<p><strong>Abdoul Lory Sylla pour guinee7.com\u00a0<\/strong><\/p>\n<p>L\u2019article <a href=\"https:\/\/www.guinee7.com\/2026\/04\/26\/mali-larmee-renforce-lalerte-apres-des-attaques-terroristes-coordonnees\/\">Mali : l\u2019arm\u00e9e renforce l\u2019alerte apr\u00e8s des attaques terroristes coordonn\u00e9es<\/a> est apparu en premier sur <a href=\"https:\/\/www.guinee7.com\/\">Guinee7.com<\/a>.<\/p>\n<\/div>\n","protected":false},"excerpt":{"rendered":"<p>L\u2019\u00c9tat-Major G\u00e9n\u00e9ral des Arm\u00e9es (EMGA) du Mali a annonc\u00e9, dans un communiqu\u00e9 officiel publi\u00e9 le 26 avril 2026, la poursuite active des op\u00e9rations contre les groupes arm\u00e9s terroristes sur plusieurs fronts, notamment \u00e0 Kidal, Kati et dans d\u2019autres localit\u00e9s du pays. Selon l\u2019arm\u00e9e malienne, les attaques survenues le samedi 25 avril 2026 visaient clairement \u00e0 &hellip;<\/p>\n","protected":false},"author":1,"featured_media":0,"comment_status":"closed","ping_status":"closed","sticky":false,"template":"","format":"standard","meta":{"footnotes":""},"categories":[2],"tags":[22],"class_list":["post-113097","post","type-post","status-publish","format-standard","hentry","category-news","tag-guinee7"],"_links":{"self":[{"href":"https:\/\/es.ambagn.staging.e-kaidi.net\/index.php?rest_route=\/wp\/v2\/posts\/113097","targetHints":{"allow":["GET"]}}],"collection":[{"href":"https:\/\/es.ambagn.staging.e-kaidi.net\/index.php?rest_route=\/wp\/v2\/posts"}],"about":[{"href":"https:\/\/es.ambagn.staging.e-kaidi.net\/index.php?rest_route=\/wp\/v2\/types\/post"}],"author":[{"embeddable":true,"href":"https:\/\/es.ambagn.staging.e-kaidi.net\/index.php?rest_route=\/wp\/v2\/users\/1"}],"replies":[{"embeddable":true,"href":"https:\/\/es.ambagn.staging.e-kaidi.net\/index.php?rest_route=%2Fwp%2Fv2%2Fcomments&post=113097"}],"version-history":[{"count":0,"href":"https:\/\/es.ambagn.staging.e-kaidi.net\/index.php?rest_route=\/wp\/v2\/posts\/113097\/revisions"}],"wp:attachment":[{"href":"https:\/\/es.ambagn.staging.e-kaidi.net\/index.php?rest_route=%2Fwp%2Fv2%2Fmedia&parent=113097"}],"wp:term":[{"taxonomy":"category","embeddable":true,"href":"https:\/\/es.ambagn.staging.e-kaidi.net\/index.php?rest_route=%2Fwp%2Fv2%2Fcategories&post=113097"},{"taxonomy":"post_tag","embeddable":true,"href":"https:\/\/es.ambagn.staging.e-kaidi.net\/index.php?rest_route=%2Fwp%2Fv2%2Ftags&post=113097"}],"curies":[{"name":"wp","href":"https:\/\/api.w.org\/{rel}","templated":true}]}}