{"id":113095,"date":"2026-04-26T23:22:51","date_gmt":"2026-04-26T21:22:51","guid":{"rendered":"https:\/\/es.ambagn.staging.e-kaidi.net\/?p=113095"},"modified":"2026-04-26T23:22:51","modified_gmt":"2026-04-26T21:22:51","slug":"le-mali-annonce-la-mort-du-general-sadio-camara-ministre-de-la-defense","status":"publish","type":"post","link":"https:\/\/es.ambagn.staging.e-kaidi.net\/?p=113095","title":{"rendered":"Le Mali annonce la mort du g\u00e9n\u00e9ral Sadio Camara, ministre de la D\u00e9fense"},"content":{"rendered":"<div>\n<div style=\"margin-bottom:20px;\"><img width=\"720\" height=\"720\"src=\"https:\/\/i0.wp.com\/mediaguinee.com\/wp-content\/uploads\/2026\/04\/IMG_1356.jpeg?w=720&amp;ssl=1\" class=\"attachment-post-thumbnail size-post-thumbnail wp-post-image\" alt=\"\" decoding=\"async\" srcset=\"https:\/\/i0.wp.com\/mediaguinee.com\/wp-content\/uploads\/2026\/04\/IMG_1356.jpeg?w=720&amp;ssl=1 720w, https:\/\/i0.wp.com\/mediaguinee.com\/wp-content\/uploads\/2026\/04\/IMG_1356.jpeg?resize=300%2C300&amp;ssl=1 300w, https:\/\/i0.wp.com\/mediaguinee.com\/wp-content\/uploads\/2026\/04\/IMG_1356.jpeg?resize=150%2C150&amp;ssl=1 150w\" sizes=\"(max-width: 720px) 100vw, 720px\" data-attachment-id=\"314173\" data-permalink=\"https:\/\/mediaguinee.com\/2026\/04\/le-mali-annonce-la-mort-du-general-sadio-camara-ministre-de-la-defense\/img_1356-2\/\" data-orig-file=\"https:\/\/i0.wp.com\/mediaguinee.com\/wp-content\/uploads\/2026\/04\/IMG_1356.jpeg?fit=720%2C720&amp;ssl=1\" data-orig-size=\"720,720\" data-comments-opened=\"1\" data-image-meta='{\"aperture\":\"0\",\"credit\":\"\",\"camera\":\"\",\"caption\":\"\",\"created_timestamp\":\"0\",\"copyright\":\"\",\"focal_length\":\"0\",\"iso\":\"0\",\"shutter_speed\":\"0\",\"title\":\"\",\"orientation\":\"1\"}' data-image-title=\"IMG_1356\" data-image-description=\"\" data-image-caption=\"\" data-large-file=\"https:\/\/i0.wp.com\/mediaguinee.com\/wp-content\/uploads\/2026\/04\/IMG_1356.jpeg?fit=720%2C720&amp;ssl=1\"><\/div>\n<p>Le gouvernement de la R\u00e9publique du Mali a annonc\u00e9 dimanche la mort, survenue le samedi 25 avril, du g\u00e9n\u00e9ral Sadio Camara, ministre d\u2019\u00c9tat, ministre de la D\u00e9fense et des Anciens combattants, apr\u00e8s des combats entre l\u2019arm\u00e9e et des groupes terroristes.<br \/>\nUn deuil national de deux jours, \u00e0 compter du lundi 27 avril \u00e0 00h, a \u00e9t\u00e9 d\u00e9cr\u00e9t\u00e9 sur toute l\u2019\u00e9tendue du territoire national, et les drapeaux sont mis en berne sur tous les b\u00e2timents et \u00e9difices publics pendant toute la dur\u00e9e du deuil.<\/p>\n<p><img data-recalc-dims=\"1\" decoding=\"async\" data-attachment-id=\"314175\" data-permalink=\"https:\/\/mediaguinee.com\/2026\/04\/le-mali-annonce-la-mort-du-general-sadio-camara-ministre-de-la-defense\/img_1367\/\" data-orig-file=\"https:\/\/i0.wp.com\/mediaguinee.com\/wp-content\/uploads\/2026\/04\/IMG_1367.jpeg?fit=720%2C1015&amp;ssl=1\" data-orig-size=\"720,1015\" data-comments-opened=\"1\" data-image-meta='{\"aperture\":\"0\",\"credit\":\"\",\"camera\":\"\",\"caption\":\"\",\"created_timestamp\":\"0\",\"copyright\":\"\",\"focal_length\":\"0\",\"iso\":\"0\",\"shutter_speed\":\"0\",\"title\":\"\",\"orientation\":\"1\"}' data-image-title=\"IMG_1367\" data-image-description=\"\" data-image-caption=\"\" data-large-file=\"https:\/\/i0.wp.com\/mediaguinee.com\/wp-content\/uploads\/2026\/04\/IMG_1367.jpeg?fit=720%2C1015&amp;ssl=1\" class=\"alignnone wp-image-314175 size-full\"src=\"https:\/\/i0.wp.com\/mediaguinee.com\/wp-content\/uploads\/2026\/04\/IMG_1367.jpeg?w=720&amp;ssl=1\" alt=\"\" width=\"720\" height=\"1015\" srcset=\"https:\/\/i0.wp.com\/mediaguinee.com\/wp-content\/uploads\/2026\/04\/IMG_1367.jpeg?w=720&amp;ssl=1 720w, https:\/\/i0.wp.com\/mediaguinee.com\/wp-content\/uploads\/2026\/04\/IMG_1367.jpeg?resize=213%2C300&amp;ssl=1 213w\" sizes=\"(max-width: 720px) 100vw, 720px\"><\/p>\n<p>Grand soldat form\u00e9 dans les plus prestigieuses \u00e9coles militaires, le d\u00e9funt Sadio Camara \u00e9tait un r\u00e9volutionnaire confirm\u00e9 qui a donn\u00e9 sa vie pour la lib\u00e9ration totale du Mali, un pays en proie aux attaques terroristes depuis plusieurs d\u00e9cennies.<\/p>\n<p><strong>Noumouk\u00e8 S.<\/strong><\/p>\n<p>L\u2019article <a href=\"https:\/\/mediaguinee.com\/2026\/04\/le-mali-annonce-la-mort-du-general-sadio-camara-ministre-de-la-defense\/\">Le Mali annonce la mort du g\u00e9n\u00e9ral Sadio Camara, ministre de la D\u00e9fense<\/a> est apparu en premier sur <a href=\"https:\/\/mediaguinee.com\/\">Mediaguinee.com<\/a>.<\/p>\n<\/div>\n","protected":false},"excerpt":{"rendered":"<p>Le gouvernement de la R\u00e9publique du Mali a annonc\u00e9 dimanche la mort, survenue le samedi 25 avril, du g\u00e9n\u00e9ral Sadio Camara, ministre d\u2019\u00c9tat, ministre de la D\u00e9fense et des Anciens combattants, apr\u00e8s des combats entre l\u2019arm\u00e9e et des groupes terroristes. Un deuil national de deux jours, \u00e0 compter du lundi 27 avril \u00e0 00h, a &hellip;<\/p>\n","protected":false},"author":1,"featured_media":0,"comment_status":"closed","ping_status":"closed","sticky":false,"template":"","format":"standard","meta":{"footnotes":""},"categories":[2],"tags":[23],"class_list":["post-113095","post","type-post","status-publish","format-standard","hentry","category-news","tag-mediaguinee"],"_links":{"self":[{"href":"https:\/\/es.ambagn.staging.e-kaidi.net\/index.php?rest_route=\/wp\/v2\/posts\/113095","targetHints":{"allow":["GET"]}}],"collection":[{"href":"https:\/\/es.ambagn.staging.e-kaidi.net\/index.php?rest_route=\/wp\/v2\/posts"}],"about":[{"href":"https:\/\/es.ambagn.staging.e-kaidi.net\/index.php?rest_route=\/wp\/v2\/types\/post"}],"author":[{"embeddable":true,"href":"https:\/\/es.ambagn.staging.e-kaidi.net\/index.php?rest_route=\/wp\/v2\/users\/1"}],"replies":[{"embeddable":true,"href":"https:\/\/es.ambagn.staging.e-kaidi.net\/index.php?rest_route=%2Fwp%2Fv2%2Fcomments&post=113095"}],"version-history":[{"count":0,"href":"https:\/\/es.ambagn.staging.e-kaidi.net\/index.php?rest_route=\/wp\/v2\/posts\/113095\/revisions"}],"wp:attachment":[{"href":"https:\/\/es.ambagn.staging.e-kaidi.net\/index.php?rest_route=%2Fwp%2Fv2%2Fmedia&parent=113095"}],"wp:term":[{"taxonomy":"category","embeddable":true,"href":"https:\/\/es.ambagn.staging.e-kaidi.net\/index.php?rest_route=%2Fwp%2Fv2%2Fcategories&post=113095"},{"taxonomy":"post_tag","embeddable":true,"href":"https:\/\/es.ambagn.staging.e-kaidi.net\/index.php?rest_route=%2Fwp%2Fv2%2Ftags&post=113095"}],"curies":[{"name":"wp","href":"https:\/\/api.w.org\/{rel}","templated":true}]}}