{"id":113094,"date":"2026-04-26T23:22:50","date_gmt":"2026-04-26T21:22:50","guid":{"rendered":"https:\/\/es.ambagn.staging.e-kaidi.net\/?p=113094"},"modified":"2026-04-26T23:22:50","modified_gmt":"2026-04-26T21:22:50","slug":"siguiri-inauguration-du-vestibule-des-sages-a-kodjougoulen-je-vous-demande-la-vigilance-tout-au-long-de-nos-frontieres-gouverneur-de-kankan","status":"publish","type":"post","link":"https:\/\/es.ambagn.staging.e-kaidi.net\/?p=113094","title":{"rendered":"Siguiri : inauguration du vestibule des sages \u00e0 K\u00f4djougoul\u00e9n \u2013 \u00ab Je vous demande la vigilance tout au long de nos fronti\u00e8res \u00bb (gouverneur de Kankan)"},"content":{"rendered":"<div>\n<div style=\"margin-bottom:20px;\"><img width=\"2440\" height=\"1252\"src=\"https:\/\/i0.wp.com\/mediaguinee.com\/wp-content\/uploads\/2026\/04\/photo-output-5.jpeg?w=2440&amp;ssl=1\" class=\"attachment-post-thumbnail size-post-thumbnail wp-post-image\" alt=\"\" decoding=\"async\" srcset=\"https:\/\/i0.wp.com\/mediaguinee.com\/wp-content\/uploads\/2026\/04\/photo-output-5.jpeg?w=2440&amp;ssl=1 2440w, https:\/\/i0.wp.com\/mediaguinee.com\/wp-content\/uploads\/2026\/04\/photo-output-5.jpeg?resize=300%2C154&amp;ssl=1 300w, https:\/\/i0.wp.com\/mediaguinee.com\/wp-content\/uploads\/2026\/04\/photo-output-5.jpeg?resize=1024%2C525&amp;ssl=1 1024w, https:\/\/i0.wp.com\/mediaguinee.com\/wp-content\/uploads\/2026\/04\/photo-output-5.jpeg?resize=768%2C394&amp;ssl=1 768w, https:\/\/i0.wp.com\/mediaguinee.com\/wp-content\/uploads\/2026\/04\/photo-output-5.jpeg?resize=1536%2C788&amp;ssl=1 1536w, https:\/\/i0.wp.com\/mediaguinee.com\/wp-content\/uploads\/2026\/04\/photo-output-5.jpeg?resize=2048%2C1051&amp;ssl=1 2048w, https:\/\/i0.wp.com\/mediaguinee.com\/wp-content\/uploads\/2026\/04\/photo-output-5.jpeg?resize=1130%2C580&amp;ssl=1 1130w, https:\/\/i0.wp.com\/mediaguinee.com\/wp-content\/uploads\/2026\/04\/photo-output-5.jpeg?w=2340&amp;ssl=1 2340w\" sizes=\"(max-width: 2440px) 100vw, 2440px\" data-attachment-id=\"314167\" data-permalink=\"https:\/\/mediaguinee.com\/2026\/04\/siguiri-inauguration-du-vestibule-des-sages-a-kodjougoulen-je-vous-demande-la-vigilance-tout-au-long-de-nos-frontieres-gouverneur-de-kankan\/photo-output-41\/\" data-orig-file=\"https:\/\/i0.wp.com\/mediaguinee.com\/wp-content\/uploads\/2026\/04\/photo-output-5.jpeg?fit=2440%2C1252&amp;ssl=1\" data-orig-size=\"2440,1252\" data-comments-opened=\"1\" data-image-meta='{\"aperture\":\"0\",\"credit\":\"\",\"camera\":\"\",\"caption\":\"\",\"created_timestamp\":\"0\",\"copyright\":\"\",\"focal_length\":\"0\",\"iso\":\"0\",\"shutter_speed\":\"0\",\"title\":\"\",\"orientation\":\"1\"}' data-image-title=\"photo-output\" data-image-description=\"\" data-image-caption=\"\" data-large-file=\"https:\/\/i0.wp.com\/mediaguinee.com\/wp-content\/uploads\/2026\/04\/photo-output-5.jpeg?fit=1024%2C525&amp;ssl=1\"><\/div>\n<p>C\u2019est dans une grande ferveur de joie et d\u2019all\u00e9gresse que le gouverneur de la r\u00e9gion administrative de Kankan, le colonel Aly Badra Camara, en compagnie de son directeur de cabinet et du directeur r\u00e9gional de l\u2019Information et de la Communication, a proc\u00e9d\u00e9, ce samedi 25 avril 2026, \u00e0 l\u2019inauguration du nouveau vestibule des sages de K\u00f4djougoul\u00e9n. Une r\u00e9alisation du bureau du district, dirig\u00e9 par Issadjan Ke\u00efta.<\/p>\n<p><img data-recalc-dims=\"1\" decoding=\"async\" data-attachment-id=\"314168\" data-permalink=\"https:\/\/mediaguinee.com\/2026\/04\/siguiri-inauguration-du-vestibule-des-sages-a-kodjougoulen-je-vous-demande-la-vigilance-tout-au-long-de-nos-frontieres-gouverneur-de-kankan\/img_1361-2\/\" data-orig-file=\"https:\/\/i0.wp.com\/mediaguinee.com\/wp-content\/uploads\/2026\/04\/IMG_1361.jpeg?fit=608%2C643&amp;ssl=1\" data-orig-size=\"608,643\" data-comments-opened=\"1\" data-image-meta='{\"aperture\":\"0\",\"credit\":\"\",\"camera\":\"\",\"caption\":\"\",\"created_timestamp\":\"0\",\"copyright\":\"\",\"focal_length\":\"0\",\"iso\":\"0\",\"shutter_speed\":\"0\",\"title\":\"\",\"orientation\":\"1\"}' data-image-title=\"IMG_1361\" data-image-description=\"\" data-image-caption=\"\" data-large-file=\"https:\/\/i0.wp.com\/mediaguinee.com\/wp-content\/uploads\/2026\/04\/IMG_1361.jpeg?fit=608%2C643&amp;ssl=1\" class=\"alignnone wp-image-314168 size-full\"src=\"https:\/\/i0.wp.com\/mediaguinee.com\/wp-content\/uploads\/2026\/04\/IMG_1361.jpeg?w=608&amp;ssl=1\" alt=\"\" width=\"608\" height=\"643\" srcset=\"https:\/\/i0.wp.com\/mediaguinee.com\/wp-content\/uploads\/2026\/04\/IMG_1361.jpeg?w=608&amp;ssl=1 608w, https:\/\/i0.wp.com\/mediaguinee.com\/wp-content\/uploads\/2026\/04\/IMG_1361.jpeg?resize=284%2C300&amp;ssl=1 284w\" sizes=\"(max-width: 608px) 100vw, 608px\"><\/p>\n<p>Dans son discours de circonstance, le gouverneur de Kankan, le colonel Aly Badra Camara, a mis un accent particulier sur la paix entre les communaut\u00e9s, mais aussi sur la franche collaboration existant entre la Guin\u00e9e et le Mali.<\/p>\n<p>\u00ab Je suis tr\u00e8s heureux d\u2019\u00eatre parmi vous aujourd\u2019hui \u00e0 K\u00f4djougoul\u00e9n. C\u2019est une obligation pour moi d\u2019\u00eatre ici. Si le bureau du district a construit le vestibule des sages, je ne peux que m\u2019en r\u00e9jouir. Je vous demande de pr\u00f4ner la paix entre vous et la vigilance tout au long de nos fronti\u00e8res. La Guin\u00e9e est un pays qui n\u2019a jamais d\u00e9stabilis\u00e9 ses voisins, depuis l\u2019ind\u00e9pendance jusqu\u2019\u00e0 nos jours. Au contraire, elle a contribu\u00e9 \u00e0 la stabilit\u00e9 et \u00e0 la paix au sein de la sous-r\u00e9gion \u00bb, a-t-il expliqu\u00e9.<\/p>\n<p><img data-recalc-dims=\"1\" decoding=\"async\" data-attachment-id=\"314169\" data-permalink=\"https:\/\/mediaguinee.com\/2026\/04\/siguiri-inauguration-du-vestibule-des-sages-a-kodjougoulen-je-vous-demande-la-vigilance-tout-au-long-de-nos-frontieres-gouverneur-de-kankan\/img_1362-2\/\" data-orig-file=\"https:\/\/i0.wp.com\/mediaguinee.com\/wp-content\/uploads\/2026\/04\/IMG_1362.jpeg?fit=1280%2C960&amp;ssl=1\" data-orig-size=\"1280,960\" data-comments-opened=\"1\" data-image-meta='{\"aperture\":\"0\",\"credit\":\"\",\"camera\":\"\",\"caption\":\"\",\"created_timestamp\":\"0\",\"copyright\":\"\",\"focal_length\":\"0\",\"iso\":\"0\",\"shutter_speed\":\"0\",\"title\":\"\",\"orientation\":\"1\"}' data-image-title=\"IMG_1362\" data-image-description=\"\" data-image-caption=\"\" data-large-file=\"https:\/\/i0.wp.com\/mediaguinee.com\/wp-content\/uploads\/2026\/04\/IMG_1362.jpeg?fit=1024%2C768&amp;ssl=1\" class=\"alignnone wp-image-314169 size-full\"src=\"https:\/\/i0.wp.com\/mediaguinee.com\/wp-content\/uploads\/2026\/04\/IMG_1362.jpeg?w=1280&amp;ssl=1\" alt=\"\" width=\"1170\" height=\"878\" srcset=\"https:\/\/i0.wp.com\/mediaguinee.com\/wp-content\/uploads\/2026\/04\/IMG_1362.jpeg?w=1280&amp;ssl=1 1280w, https:\/\/i0.wp.com\/mediaguinee.com\/wp-content\/uploads\/2026\/04\/IMG_1362.jpeg?resize=300%2C225&amp;ssl=1 300w, https:\/\/i0.wp.com\/mediaguinee.com\/wp-content\/uploads\/2026\/04\/IMG_1362.jpeg?resize=1024%2C768&amp;ssl=1 1024w, https:\/\/i0.wp.com\/mediaguinee.com\/wp-content\/uploads\/2026\/04\/IMG_1362.jpeg?resize=768%2C576&amp;ssl=1 768w, https:\/\/i0.wp.com\/mediaguinee.com\/wp-content\/uploads\/2026\/04\/IMG_1362.jpeg?resize=86%2C64&amp;ssl=1 86w\" sizes=\"(max-width: 1170px) 100vw, 1170px\"> <img data-recalc-dims=\"1\" decoding=\"async\" data-attachment-id=\"314170\" data-permalink=\"https:\/\/mediaguinee.com\/2026\/04\/siguiri-inauguration-du-vestibule-des-sages-a-kodjougoulen-je-vous-demande-la-vigilance-tout-au-long-de-nos-frontieres-gouverneur-de-kankan\/img_1363-3\/\" data-orig-file=\"https:\/\/i0.wp.com\/mediaguinee.com\/wp-content\/uploads\/2026\/04\/IMG_1363.jpeg?fit=1280%2C960&amp;ssl=1\" data-orig-size=\"1280,960\" data-comments-opened=\"1\" data-image-meta='{\"aperture\":\"0\",\"credit\":\"\",\"camera\":\"\",\"caption\":\"\",\"created_timestamp\":\"0\",\"copyright\":\"\",\"focal_length\":\"0\",\"iso\":\"0\",\"shutter_speed\":\"0\",\"title\":\"\",\"orientation\":\"1\"}' data-image-title=\"IMG_1363\" data-image-description=\"\" data-image-caption=\"\" data-large-file=\"https:\/\/i0.wp.com\/mediaguinee.com\/wp-content\/uploads\/2026\/04\/IMG_1363.jpeg?fit=1024%2C768&amp;ssl=1\" class=\"alignnone wp-image-314170 size-full\"src=\"https:\/\/i0.wp.com\/mediaguinee.com\/wp-content\/uploads\/2026\/04\/IMG_1363.jpeg?w=1280&amp;ssl=1\" alt=\"\" width=\"1170\" height=\"878\" srcset=\"https:\/\/i0.wp.com\/mediaguinee.com\/wp-content\/uploads\/2026\/04\/IMG_1363.jpeg?w=1280&amp;ssl=1 1280w, https:\/\/i0.wp.com\/mediaguinee.com\/wp-content\/uploads\/2026\/04\/IMG_1363.jpeg?resize=300%2C225&amp;ssl=1 300w, https:\/\/i0.wp.com\/mediaguinee.com\/wp-content\/uploads\/2026\/04\/IMG_1363.jpeg?resize=1024%2C768&amp;ssl=1 1024w, https:\/\/i0.wp.com\/mediaguinee.com\/wp-content\/uploads\/2026\/04\/IMG_1363.jpeg?resize=768%2C576&amp;ssl=1 768w, https:\/\/i0.wp.com\/mediaguinee.com\/wp-content\/uploads\/2026\/04\/IMG_1363.jpeg?resize=86%2C64&amp;ssl=1 86w\" sizes=\"(max-width: 1170px) 100vw, 1170px\"><\/p>\n<p>Prenant la parole, le docteur S\u00e9kou Ke\u00efta, enseignant-chercheur \u00e0 l\u2019Universit\u00e9 de Bamako et originaire de K\u00f4djougoul\u00e9n, a fid\u00e8lement transmis le message des sages et du bureau du district, visant \u00e0 \u00e9riger le district de K\u00f4djougoul\u00e9n en sous-pr\u00e9fecture.<\/p>\n<p>\u00ab Je prends la parole en ce jour solennel pour porter devant monsieur le gouverneur de Kankan les dol\u00e9ances des sages et du bureau du district. Les sages m\u2019ont charg\u00e9 de dire que la population de K\u00f4djougoul\u00e9n souhaite l\u2019\u00e9rection de leur district en sous-pr\u00e9fecture, ainsi que le reprofilage des voiries afin de faciliter les d\u00e9placements. Je ne saurais terminer sans rendre hommage au pr\u00e9sident de la R\u00e9publique, Son Excellence le g\u00e9n\u00e9ral Mamadi Doumbouya, pour sa vision de d\u00e9veloppement et de prosp\u00e9rit\u00e9 partag\u00e9e \u00bb, a-t-il d\u00e9clar\u00e9.<\/p>\n<p>\u00c0 ce jour, le district de K\u00f4djougoul\u00e9n a enregistr\u00e9 plusieurs r\u00e9alisations dans le cadre du d\u00e9veloppement communautaire. Pour preuve, il y a moins de deux mois, le pr\u00e9sident du district, Issadjan Ke\u00efta, a immol\u00e9 cinq b\u0153ufs en guise de sacrifice en l\u2019honneur du pr\u00e9sident de la R\u00e9publique, Son Excellence Mamadi Doumbouya, un geste pr\u00e9sent\u00e9 comme une marque d\u2019attachement envers le chef de l\u2019\u00c9tat.<\/p>\n<p><strong>Nouhan Konat\u00e9, correspondant \u00e0 Siguiri<\/strong><br \/>\n621 76 47 14<\/p>\n<p>L\u2019article <a href=\"https:\/\/mediaguinee.com\/2026\/04\/siguiri-inauguration-du-vestibule-des-sages-a-kodjougoulen-je-vous-demande-la-vigilance-tout-au-long-de-nos-frontieres-gouverneur-de-kankan\/\">Siguiri : inauguration du vestibule des sages \u00e0 K\u00f4djougoul\u00e9n \u2013 \u00ab Je vous demande la vigilance tout au long de nos fronti\u00e8res \u00bb (gouverneur de Kankan)<\/a> est apparu en premier sur <a href=\"https:\/\/mediaguinee.com\/\">Mediaguinee.com<\/a>.<\/p>\n<\/div>\n","protected":false},"excerpt":{"rendered":"<p>C\u2019est dans une grande ferveur de joie et d\u2019all\u00e9gresse que le gouverneur de la r\u00e9gion administrative de Kankan, le colonel Aly Badra Camara, en compagnie de son directeur de cabinet et du directeur r\u00e9gional de l\u2019Information et de la Communication, a proc\u00e9d\u00e9, ce samedi 25 avril 2026, \u00e0 l\u2019inauguration du nouveau vestibule des sages de &hellip;<\/p>\n","protected":false},"author":1,"featured_media":0,"comment_status":"closed","ping_status":"closed","sticky":false,"template":"","format":"standard","meta":{"footnotes":""},"categories":[2],"tags":[23],"class_list":["post-113094","post","type-post","status-publish","format-standard","hentry","category-news","tag-mediaguinee"],"_links":{"self":[{"href":"https:\/\/es.ambagn.staging.e-kaidi.net\/index.php?rest_route=\/wp\/v2\/posts\/113094","targetHints":{"allow":["GET"]}}],"collection":[{"href":"https:\/\/es.ambagn.staging.e-kaidi.net\/index.php?rest_route=\/wp\/v2\/posts"}],"about":[{"href":"https:\/\/es.ambagn.staging.e-kaidi.net\/index.php?rest_route=\/wp\/v2\/types\/post"}],"author":[{"embeddable":true,"href":"https:\/\/es.ambagn.staging.e-kaidi.net\/index.php?rest_route=\/wp\/v2\/users\/1"}],"replies":[{"embeddable":true,"href":"https:\/\/es.ambagn.staging.e-kaidi.net\/index.php?rest_route=%2Fwp%2Fv2%2Fcomments&post=113094"}],"version-history":[{"count":0,"href":"https:\/\/es.ambagn.staging.e-kaidi.net\/index.php?rest_route=\/wp\/v2\/posts\/113094\/revisions"}],"wp:attachment":[{"href":"https:\/\/es.ambagn.staging.e-kaidi.net\/index.php?rest_route=%2Fwp%2Fv2%2Fmedia&parent=113094"}],"wp:term":[{"taxonomy":"category","embeddable":true,"href":"https:\/\/es.ambagn.staging.e-kaidi.net\/index.php?rest_route=%2Fwp%2Fv2%2Fcategories&post=113094"},{"taxonomy":"post_tag","embeddable":true,"href":"https:\/\/es.ambagn.staging.e-kaidi.net\/index.php?rest_route=%2Fwp%2Fv2%2Ftags&post=113094"}],"curies":[{"name":"wp","href":"https:\/\/api.w.org\/{rel}","templated":true}]}}